{"id":2441,"date":"2018-02-28T21:05:45","date_gmt":"2018-02-28T21:05:45","guid":{"rendered":"https:\/\/fecovi.coop\/web\/?p=2441"},"modified":"2018-02-28T21:05:58","modified_gmt":"2018-02-28T21:05:58","slug":"se-constituyo-la-cooperativa-brisas-del-plata","status":"publish","type":"post","link":"https:\/\/fecovi.coop\/web\/se-constituyo-la-cooperativa-brisas-del-plata\/","title":{"rendered":"Se constituy\u00f3 la Cooperativa Brisas del Plata"},"content":{"rendered":"<p>El mi\u00e9rcoles 21 de febrero se realiz\u00f3 la asamblea fundacional de la Cooperativa Brisas del Plata, constituy\u00e9ndose de esta manera como cooperativa de ahorro previo.<\/p>\n<p>Con la presencia de la escribana p\u00fablica Mar\u00eda Eugenia Barreiro, se firmaron los estatutos y se distribuyeron los cargos de los diferentes \u00f3rganos integrantes de la cooperativa. De esta manera ya queda encaminado el tr\u00e1mite de personer\u00eda jur\u00eddica.<\/p>\n<p>Integrada por 13 socios, Brisas del Plata busca terreno para construir en los barrios Palermo, Prado o Atahualpa.<\/p>\n<p>\u00a1Felicidades!<\/p>\n<p><img loading=\"lazy\" decoding=\"async\" class=\"alignnone size-medium wp-image-2451\" src=\"https:\/\/fecovi.coop\/web\/wp-content\/uploads\/2018\/02\/1-1-300x185.jpg\" alt=\"\" width=\"300\" height=\"185\" srcset=\"https:\/\/fecovi.coop\/web\/wp-content\/uploads\/2018\/02\/1-1-300x185.jpg 300w, https:\/\/fecovi.coop\/web\/wp-content\/uploads\/2018\/02\/1-1.jpg 768w\" sizes=\"auto, (max-width: 300px) 100vw, 300px\" \/> <img loading=\"lazy\" decoding=\"async\" class=\"alignnone size-medium wp-image-2452\" src=\"https:\/\/fecovi.coop\/web\/wp-content\/uploads\/2018\/02\/2-1-300x183.jpg\" alt=\"\" width=\"300\" height=\"183\" srcset=\"https:\/\/fecovi.coop\/web\/wp-content\/uploads\/2018\/02\/2-1-300x183.jpg 300w, https:\/\/fecovi.coop\/web\/wp-content\/uploads\/2018\/02\/2-1-768x469.jpg 768w, https:\/\/fecovi.coop\/web\/wp-content\/uploads\/2018\/02\/2-1.jpg 800w\" sizes=\"auto, (max-width: 300px) 100vw, 300px\" \/><\/p>\n<p>&nbsp;<\/p>\n","protected":false},"excerpt":{"rendered":"<p>El mi\u00e9rcoles 21 de febrero se realiz\u00f3 la asamblea fundacional de la Cooperativa Brisas del Plata, constituy\u00e9ndose de esta manera como cooperativa de ahorro previo. Con la presencia de la &#8230;<\/p>\n","protected":false},"author":1,"featured_media":2452,"comment_status":"closed","ping_status":"closed","sticky":false,"template":"","format":"standard","meta":{"footnotes":""},"categories":[2],"tags":[],"class_list":["post-2441","post","type-post","status-publish","format-standard","has-post-thumbnail","hentry","category-noticias"],"_links":{"self":[{"href":"https:\/\/fecovi.coop\/web\/wp-json\/wp\/v2\/posts\/2441","targetHints":{"allow":["GET"]}}],"collection":[{"href":"https:\/\/fecovi.coop\/web\/wp-json\/wp\/v2\/posts"}],"about":[{"href":"https:\/\/fecovi.coop\/web\/wp-json\/wp\/v2\/types\/post"}],"author":[{"embeddable":true,"href":"https:\/\/fecovi.coop\/web\/wp-json\/wp\/v2\/users\/1"}],"replies":[{"embeddable":true,"href":"https:\/\/fecovi.coop\/web\/wp-json\/wp\/v2\/comments?post=2441"}],"version-history":[{"count":4,"href":"https:\/\/fecovi.coop\/web\/wp-json\/wp\/v2\/posts\/2441\/revisions"}],"predecessor-version":[{"id":2460,"href":"https:\/\/fecovi.coop\/web\/wp-json\/wp\/v2\/posts\/2441\/revisions\/2460"}],"wp:featuredmedia":[{"embeddable":true,"href":"https:\/\/fecovi.coop\/web\/wp-json\/wp\/v2\/media\/2452"}],"wp:attachment":[{"href":"https:\/\/fecovi.coop\/web\/wp-json\/wp\/v2\/media?parent=2441"}],"wp:term":[{"taxonomy":"category","embeddable":true,"href":"https:\/\/fecovi.coop\/web\/wp-json\/wp\/v2\/categories?post=2441"},{"taxonomy":"post_tag","embeddable":true,"href":"https:\/\/fecovi.coop\/web\/wp-json\/wp\/v2\/tags?post=2441"}],"curies":[{"name":"wp","href":"https:\/\/api.w.org\/{rel}","templated":true}]}}