{"id":2439,"date":"2018-02-28T21:25:23","date_gmt":"2018-02-28T21:25:23","guid":{"rendered":"https:\/\/fecovi.coop\/web\/?p=2439"},"modified":"2018-02-28T21:25:27","modified_gmt":"2018-02-28T21:25:27","slug":"primera-reunion-informativa-para-nuevos-grupos","status":"publish","type":"post","link":"https:\/\/fecovi.coop\/web\/primera-reunion-informativa-para-nuevos-grupos\/","title":{"rendered":"Primera reuni\u00f3n informativa para nuevos grupos"},"content":{"rendered":"<p>El \u00c1rea Social de la Federaci\u00f3n realiz\u00f3 el lunes 19 de febrero la primera reuni\u00f3n informativa del a\u00f1o dirigida a interesados en recibir asesoramiento sobre los primeros pasos a seguir para la conformaci\u00f3n de una cooperativa de ahorro previo y\u00a0los principales aspectos y requisitos a tener en cuenta.<\/p>\n<p>Durante la charla se profundiz\u00f3 sobre el funcionamiento de la Federaci\u00f3n, se explic\u00f3 detalladamente el sistema de ahorro previo y se brind\u00f3 informaci\u00f3n respecto del\u00a0acceso a tierra para la construcci\u00f3n de la vivienda.<\/p>\n<p>Pr\u00f3ximamente se informar\u00e1 la fecha del segundo encuentro.<\/p>\n<div id='gallery-1' class='gallery galleryid-2439 gallery-columns-3 gallery-size-thumbnail'><figure class='gallery-item'>\n\t\t\t<div class='gallery-icon landscape'>\n\t\t\t\t<a href='https:\/\/fecovi.coop\/web\/primera-reunion-informativa-para-nuevos-grupos\/attachment\/5\/'><img loading=\"lazy\" decoding=\"async\" width=\"150\" height=\"150\" src=\"https:\/\/fecovi.coop\/web\/wp-content\/uploads\/2018\/02\/5-150x150.jpg\" class=\"attachment-thumbnail size-thumbnail\" alt=\"\" srcset=\"https:\/\/fecovi.coop\/web\/wp-content\/uploads\/2018\/02\/5-150x150.jpg 150w, https:\/\/fecovi.coop\/web\/wp-content\/uploads\/2018\/02\/5-67x67.jpg 67w\" sizes=\"auto, (max-width: 150px) 100vw, 150px\" \/><\/a>\n\t\t\t<\/div><\/figure><figure class='gallery-item'>\n\t\t\t<div class='gallery-icon landscape'>\n\t\t\t\t<a href='https:\/\/fecovi.coop\/web\/primera-reunion-informativa-para-nuevos-grupos\/4-2\/'><img loading=\"lazy\" decoding=\"async\" width=\"150\" height=\"150\" src=\"https:\/\/fecovi.coop\/web\/wp-content\/uploads\/2018\/02\/4-150x150.jpg\" class=\"attachment-thumbnail size-thumbnail\" alt=\"\" srcset=\"https:\/\/fecovi.coop\/web\/wp-content\/uploads\/2018\/02\/4-150x150.jpg 150w, https:\/\/fecovi.coop\/web\/wp-content\/uploads\/2018\/02\/4-67x67.jpg 67w\" sizes=\"auto, (max-width: 150px) 100vw, 150px\" \/><\/a>\n\t\t\t<\/div><\/figure><figure class='gallery-item'>\n\t\t\t<div class='gallery-icon landscape'>\n\t\t\t\t<a href='https:\/\/fecovi.coop\/web\/primera-reunion-informativa-para-nuevos-grupos\/3-3\/'><img loading=\"lazy\" decoding=\"async\" width=\"150\" height=\"150\" src=\"https:\/\/fecovi.coop\/web\/wp-content\/uploads\/2018\/02\/3-150x150.jpg\" class=\"attachment-thumbnail size-thumbnail\" alt=\"\" srcset=\"https:\/\/fecovi.coop\/web\/wp-content\/uploads\/2018\/02\/3-150x150.jpg 150w, https:\/\/fecovi.coop\/web\/wp-content\/uploads\/2018\/02\/3-67x67.jpg 67w\" sizes=\"auto, (max-width: 150px) 100vw, 150px\" \/><\/a>\n\t\t\t<\/div><\/figure><figure class='gallery-item'>\n\t\t\t<div class='gallery-icon landscape'>\n\t\t\t\t<a href='https:\/\/fecovi.coop\/web\/primera-reunion-informativa-para-nuevos-grupos\/1-3\/'><img loading=\"lazy\" decoding=\"async\" width=\"150\" height=\"150\" src=\"https:\/\/fecovi.coop\/web\/wp-content\/uploads\/2018\/02\/1-150x150.jpg\" class=\"attachment-thumbnail size-thumbnail\" alt=\"\" srcset=\"https:\/\/fecovi.coop\/web\/wp-content\/uploads\/2018\/02\/1-150x150.jpg 150w, https:\/\/fecovi.coop\/web\/wp-content\/uploads\/2018\/02\/1-67x67.jpg 67w\" sizes=\"auto, (max-width: 150px) 100vw, 150px\" \/><\/a>\n\t\t\t<\/div><\/figure><figure class='gallery-item'>\n\t\t\t<div class='gallery-icon landscape'>\n\t\t\t\t<a href='https:\/\/fecovi.coop\/web\/primera-reunion-informativa-para-nuevos-grupos\/2-3\/'><img loading=\"lazy\" decoding=\"async\" width=\"150\" height=\"150\" src=\"https:\/\/fecovi.coop\/web\/wp-content\/uploads\/2018\/02\/2-150x150.jpg\" class=\"attachment-thumbnail size-thumbnail\" alt=\"\" srcset=\"https:\/\/fecovi.coop\/web\/wp-content\/uploads\/2018\/02\/2-150x150.jpg 150w, https:\/\/fecovi.coop\/web\/wp-content\/uploads\/2018\/02\/2-67x67.jpg 67w\" sizes=\"auto, (max-width: 150px) 100vw, 150px\" \/><\/a>\n\t\t\t<\/div><\/figure>\n\t\t<\/div>\n\n<p>&nbsp;<\/p>\n","protected":false},"excerpt":{"rendered":"<p>El \u00c1rea Social de la Federaci\u00f3n realiz\u00f3 el lunes 19 de febrero la primera reuni\u00f3n informativa del a\u00f1o dirigida a interesados en recibir asesoramiento sobre los primeros pasos a seguir &#8230;<\/p>\n","protected":false},"author":1,"featured_media":2449,"comment_status":"closed","ping_status":"closed","sticky":false,"template":"","format":"standard","meta":{"footnotes":""},"categories":[2],"tags":[],"class_list":["post-2439","post","type-post","status-publish","format-standard","has-post-thumbnail","hentry","category-noticias"],"_links":{"self":[{"href":"https:\/\/fecovi.coop\/web\/wp-json\/wp\/v2\/posts\/2439","targetHints":{"allow":["GET"]}}],"collection":[{"href":"https:\/\/fecovi.coop\/web\/wp-json\/wp\/v2\/posts"}],"about":[{"href":"https:\/\/fecovi.coop\/web\/wp-json\/wp\/v2\/types\/post"}],"author":[{"embeddable":true,"href":"https:\/\/fecovi.coop\/web\/wp-json\/wp\/v2\/users\/1"}],"replies":[{"embeddable":true,"href":"https:\/\/fecovi.coop\/web\/wp-json\/wp\/v2\/comments?post=2439"}],"version-history":[{"count":3,"href":"https:\/\/fecovi.coop\/web\/wp-json\/wp\/v2\/posts\/2439\/revisions"}],"predecessor-version":[{"id":2461,"href":"https:\/\/fecovi.coop\/web\/wp-json\/wp\/v2\/posts\/2439\/revisions\/2461"}],"wp:featuredmedia":[{"embeddable":true,"href":"https:\/\/fecovi.coop\/web\/wp-json\/wp\/v2\/media\/2449"}],"wp:attachment":[{"href":"https:\/\/fecovi.coop\/web\/wp-json\/wp\/v2\/media?parent=2439"}],"wp:term":[{"taxonomy":"category","embeddable":true,"href":"https:\/\/fecovi.coop\/web\/wp-json\/wp\/v2\/categories?post=2439"},{"taxonomy":"post_tag","embeddable":true,"href":"https:\/\/fecovi.coop\/web\/wp-json\/wp\/v2\/tags?post=2439"}],"curies":[{"name":"wp","href":"https:\/\/api.w.org\/{rel}","templated":true}]}}