{"id":2436,"date":"2018-02-28T19:20:36","date_gmt":"2018-02-28T19:20:36","guid":{"rendered":"https:\/\/fecovi.coop\/web\/?p=2436"},"modified":"2018-02-28T19:21:35","modified_gmt":"2018-02-28T19:21:35","slug":"cooperativa-la-carreta-de-fiesta","status":"publish","type":"post","link":"https:\/\/fecovi.coop\/web\/cooperativa-la-carreta-de-fiesta\/","title":{"rendered":"Cooperativa La Carreta de fiesta"},"content":{"rendered":"<p>Tras 20 a\u00f1os de su construcci\u00f3n, la Cooperativa La Carreta celebr\u00f3 junto a FECOVI la cancelaci\u00f3n del pr\u00e9stamo al Banco que financi\u00f3 la obra en el a\u00f1o 1989.<\/p>\n<p>Para aquel entonces, en tiempos en que no se recib\u00eda financiamiento p\u00fablico para la construcci\u00f3n de viviendas, la cooperativa COFAC (actual BANDES) brind\u00f3 el pr\u00e9stamo con un fondo de garant\u00eda del Centro Cooperativo Sueco, gestionado por FECOVI.<\/p>\n<p>En la noche del lunes 26 de febrero, las 12 familias integrantes de La Carreta celebraron el cierre de esta etapa con un brindis que tuvo lugar en el patio y sal\u00f3n com\u00fan de la Cooperativa.<\/p>\n<p>\u00a1Muchas felicidades!<\/p>\n<p><a title=\"Cooperativa La Carreta\" href=\"https:\/\/www.flickr.com\/photos\/157869824@N05\/albums\/72157664171064167\" data-flickr-embed=\"true\"><img loading=\"lazy\" decoding=\"async\" src=\"https:\/\/farm5.staticflickr.com\/4742\/39627308695_aa54712835_z.jpg\" alt=\"Cooperativa La Carreta\" width=\"640\" height=\"365\" \/><\/a><script async src=\"\/\/embedr.flickr.com\/assets\/client-code.js\" charset=\"utf-8\"><\/script><\/p>\n","protected":false},"excerpt":{"rendered":"<p>Tras 20 a\u00f1os de su construcci\u00f3n, la Cooperativa La Carreta celebr\u00f3 junto a FECOVI la cancelaci\u00f3n del pr\u00e9stamo al Banco que financi\u00f3 la obra en el a\u00f1o 1989. Para aquel &#8230;<\/p>\n","protected":false},"author":1,"featured_media":2455,"comment_status":"closed","ping_status":"closed","sticky":false,"template":"","format":"standard","meta":{"footnotes":""},"categories":[2],"tags":[],"class_list":["post-2436","post","type-post","status-publish","format-standard","has-post-thumbnail","hentry","category-noticias"],"_links":{"self":[{"href":"https:\/\/fecovi.coop\/web\/wp-json\/wp\/v2\/posts\/2436","targetHints":{"allow":["GET"]}}],"collection":[{"href":"https:\/\/fecovi.coop\/web\/wp-json\/wp\/v2\/posts"}],"about":[{"href":"https:\/\/fecovi.coop\/web\/wp-json\/wp\/v2\/types\/post"}],"author":[{"embeddable":true,"href":"https:\/\/fecovi.coop\/web\/wp-json\/wp\/v2\/users\/1"}],"replies":[{"embeddable":true,"href":"https:\/\/fecovi.coop\/web\/wp-json\/wp\/v2\/comments?post=2436"}],"version-history":[{"count":3,"href":"https:\/\/fecovi.coop\/web\/wp-json\/wp\/v2\/posts\/2436\/revisions"}],"predecessor-version":[{"id":2454,"href":"https:\/\/fecovi.coop\/web\/wp-json\/wp\/v2\/posts\/2436\/revisions\/2454"}],"wp:featuredmedia":[{"embeddable":true,"href":"https:\/\/fecovi.coop\/web\/wp-json\/wp\/v2\/media\/2455"}],"wp:attachment":[{"href":"https:\/\/fecovi.coop\/web\/wp-json\/wp\/v2\/media?parent=2436"}],"wp:term":[{"taxonomy":"category","embeddable":true,"href":"https:\/\/fecovi.coop\/web\/wp-json\/wp\/v2\/categories?post=2436"},{"taxonomy":"post_tag","embeddable":true,"href":"https:\/\/fecovi.coop\/web\/wp-json\/wp\/v2\/tags?post=2436"}],"curies":[{"name":"wp","href":"https:\/\/api.w.org\/{rel}","templated":true}]}}