{"id":2416,"date":"2018-02-22T10:52:06","date_gmt":"2018-02-22T10:52:06","guid":{"rendered":"https:\/\/fecovi.coop\/web\/?p=2416"},"modified":"2018-02-28T19:36:50","modified_gmt":"2018-02-28T19:36:50","slug":"vicman-celebra-sus-50-anos","status":"publish","type":"post","link":"https:\/\/fecovi.coop\/web\/vicman-celebra-sus-50-anos\/","title":{"rendered":"VICMAN celebra sus 50 a\u00f1os"},"content":{"rendered":"<p><strong><em>La Cooperativa Matriz de Viviendas Malv\u00edn Norte (VICMAN) cumpli\u00f3 50 a\u00f1os y comenz\u00f3 sus festejos en la noche del domingo 18 de febrero con una concurrida ceremonia que convoc\u00f3 autoridades nacionales, departamentales, zonales y del sistema cooperativo, reuniendo a las familias del complejo y vecinos de la zona. <\/em><\/strong><\/p>\n<p>FECOVI celebr\u00f3 junto a la Cooperativa VICMAN sus 50 a\u00f1os de fundaci\u00f3n, en un masivo festejo que cont\u00f3 con la presencia de la Vicepresidenta de la Rep\u00fablica Luc\u00eda Topolansky, el Intendente de Montevideo Daniel Mart\u00ednez, el Arq. Mariano Arana, autoridades miembros del directorio de INACOOP, directivos de CUDECOOP, autoridades de FUCVAM, representantes de la Junta Departamental, directivos de otras entidades cooperativas, vecinos y familias de la cooperativa.<\/p>\n<p>Con un despliegue que incluy\u00f3 el montaje de 2 escenarios dentro del complejo, a las 20.30 horas dio inicio la celebraci\u00f3n en el patio de la Escuela VICMAN N\u00ba 121 ubicada dentro del predio, donde fue inaugurado el \u201cSal\u00f3n del Cincuentenario\u201d, una nueva aula que ser\u00e1 utilizada como espacio multimedia y de inform\u00e1tica.<\/p>\n<p>Antes de proceder al corte de la cinta, la directora de la escuela, maestra Susana Delgado, dio lugar al espacio de oratoria, cediendo la palabra en primer lugar al Presidente de VICMAN Jos\u00e9 Ribas, quien destac\u00f3 el orgullo de pertenecer a la Cooperativa y de recibir en el d\u00eda del 50 aniversario a las autoridades presentes. <em>\u201cCelebrar nuestros primeros 50 a\u00f1os refleja que el sistema cooperativo de viviendas, tanto de usuarios como de ahorro previo, vive y lucha, y sirve como sistema para la convivencia y el trabajo\u201d<\/em>. Adem\u00e1s aprovech\u00f3 la oportunidad para agradecer a los compa\u00f1eros integrantes de las distintas comisiones de la cooperativa que colaboran arduamente con los temas del Consejo. <em>\u201cA la cooperativa la hace la participaci\u00f3n de todos quienes ponemos un granito de arena para llegar a un fin que es convivir mejor\u201d<\/em>. Para finalizar destac\u00f3 la labor de los 21 socios fundadores que comenzaron este sue\u00f1o, y de todos los que han participado de distinta manera para llegar a estos 50 a\u00f1os.<\/p>\n<p>En representaci\u00f3n de esos 21 pioneros, el Sr. Jos\u00e9 Guissi, socio fundador presente, junto a Graciela Clivio, (hija de Ulises Clivio tambi\u00e9n socio fundador) destacaron el trabajo de quienes hace 50 a\u00f1os se embarcaron en <em>\u201cesta quijotada\u201d<\/em> para fundar una de las primeras cooperativas de ahorro previo del pa\u00eds. <em>\u201cFueron unos visionarios. Hicieron un lugar que hoy es seguro, agradable, y muy apreciado y disfrutable para toda la gente. Me alegra mucho ver c\u00f3mo es una cooperativa en que la democracia est\u00e1 presente\u201d<\/em>. Adem\u00e1s agradecieron a los 410 socios que hoy conviven, lo que representa <em>\u201cuna gran satisfacci\u00f3n y una gran alegr\u00eda\u201d.<\/em><\/p>\n<p><strong>Un compromiso con la comunidad<\/strong><\/p>\n<p>Desde las entidades cooperativas, la presidenta de CUDECOOP Graciela Fern\u00e1ndez destac\u00f3 que VICMAN es ejemplo de todos los principios y valores cooperativos: democracia, sinceridad, discusi\u00f3n, colectivo, y por sobre todo representa un compromiso con la comunidad. <em>\u201cEl cooperativismo es realmente una herramienta de inclusi\u00f3n social\u201d<\/em>, destac\u00f3. <em>\u201cComo presidenta de la Confederaci\u00f3n me siento orgullosa de estar aqu\u00ed. Estoy realmente feliz de poderlos acompa\u00f1ar y que el destino me haya dado esta oportunidad\u201d<\/em>, expres\u00f3. Para finalizar agradeci\u00f3 a los todos los integrantes de todas las pol\u00edticas p\u00fablicas por hacerse presentes demostrando la visibilidad del movimiento cooperativo, aportando y llev\u00e1ndolo adelante.<\/p>\n<p>En nombre del directorio de INACOOP, el presidente Gustavo Bernini felicit\u00f3 y agradeci\u00f3 a quienes <em>\u201cvienen con la bandera desde hace mucho tiempo\u201d,<\/em> y destac\u00f3 que la modalidad de viviendas y cooperativismo de usuarios son una particularidad en nuestro pa\u00eds, y ejemplo en varios pa\u00edses de Am\u00e9rica Latina que ven en este modelo soluciones habitacionales dignas para los trabajadores. <em>\u201cEstamos en un momento muy bueno para el cooperativismo de vivienda ya que pr\u00e1cticamente la mitad de los recursos que se aplican en el pa\u00eds para soluciones habitacionales a nivel de pol\u00edticas p\u00fablicas se dan\u00a0 a trav\u00e9s de las distintas modalidades de cooperativas\u201d,<\/em> afirm\u00f3. Adem\u00e1s destac\u00f3 la participaci\u00f3n de m\u00e1s de 645 cooperativistas de vivienda que se han venido capacitando a trav\u00e9s de las distintas propuestas de formaci\u00f3n ofrecidas a trav\u00e9s de Procoop y los Fondos de inversi\u00f3n, accediendo a herramientas que permiten continuar creciendo, mantenerse\u00a0 y seguir avanzando; as\u00ed como tambi\u00e9n el acceso a los fondos rotatorios.<\/p>\n<p><em>\u201cEstamos en un momento muy especial y viene muy bien hacer un alto, mirar para atr\u00e1s y ver lo que ha significado la lucha de tantos que dieron tanto para tantos y c\u00f3mo esa bandera hay que seguirla, porque en definitiva el cooperativismo como sistema va mucho m\u00e1s all\u00e1 que encontrar la soluci\u00f3n de vivienda, o encontrar un trabajo, o ahorrar, o tener un consumo m\u00e1s accesible, sino que es una forma de vida, es un concepto de vida, y hacia ah\u00ed vamos a seguir trabajando\u201d<\/em>, concluy\u00f3.<\/p>\n<p>Por su parte, la Vicepresidenta de la Rep\u00fablica Luc\u00eda Topolansky felicit\u00f3 a todos quienes organizaron la celebraci\u00f3n. <em>\u201c50 a\u00f1os es una historia muy larga, en que la educaci\u00f3n y la vivienda se dieron la mano\u201d (\u2026) \u201cConsidero muy importante la educaci\u00f3n en cooperativismo porque nos falta entender las claves de esta forma de convivir\u201d<\/em>. Afirm\u00f3 que estos actos son un alto en el camino para pensar y seguir apostando. <em>\u201cUna experiencia como esta es un puntal muy importante para esas reflexiones que queremos hacer en colectivo\u201d (\u2026) \u201cFestejen con la mayor de las alegr\u00edas\u201d<\/em>, concluy\u00f3.<\/p>\n<p><strong>El cooperativismo: una forma diferente de ver la vida<\/strong><\/p>\n<p>Desde la Intendencia de Montevideo, el Ing. Daniel Mart\u00ednez destac\u00f3 el valor del trabajo de la gente de VICMAN por haber construido esta maravillosa experiencia. <em>\u201cSoy del que disfruta ver las cosas que construye nuestra gente\u201d (\u2026) \u201cEste es un complejo maravilloso, con una escuela maravillosa con experiencias de reciclaje, de un mont\u00f3n de cosas hermosas, donde se busca hacer protagonistas a los gurises de los valores, de las cosas que nos tienen que comprometer a todos para poder construir un mundo diferente\u201d (\u2026) \u201cEl cooperativismo es una forma diferente de ver la vida, una forma de ver la vida en base a los valores, al convivir, al respeto, a construir la vida con el valor m\u00e1s importante que es la solidaridad\u201d<\/em>, afirm\u00f3.<\/p>\n<p>En esta misma l\u00ednea, en representaci\u00f3n de la presidenta de la Junta Departamental, el edil Claudio Visillac agreg\u00f3 que una cooperativa de viviendas tiene c\u00f3digos y lenguaje \u00fanico y diferente. <em>\u201cEs un mundo inesperable donde tantas personas pueden convivir\u201d.<\/em><\/p>\n<p>Desde FUCVAM, la presidenta Alicia Maneiro hizo hincapi\u00e9 en el sistema de cooperativa de viviendas como una alternativa v\u00e1lida reconocida. <em>\u201cEl cooperativismo de usuarios hoy est\u00e1 cabalmente reconocido como una alternativa v\u00e1lida tanto en el cooperativismo de usuarios de ayuda mutua como de ahorro previo y eso no es poca cosa, eso hay que celebrarlo, todos nosotros somos parte de esto y el tener una vivienda digna implica lograr una vida digna, es una parte importante del ser humano, es un derecho humano fundamental\u201d,<\/em> resalt\u00f3. <em>\u201cHoy la Federaci\u00f3n FUCVAM acompa\u00f1a a la Federaci\u00f3n hermana FECOVI, a trav\u00e9s de VICMAN y su festejo, para nosotros es un gran orgullo, realmente nos complace estar aqu\u00ed. Hay que seguir apostando, hay que seguir creciendo, este es un escal\u00f3n, no nos quedamos ac\u00e1, festejamos los 50 pero seguimos creciendo\u201d<\/em>, concluy\u00f3.<\/p>\n<p><strong>Una obra de arte<\/strong><\/p>\n<p>Con una notoria emoci\u00f3n el Arq. Mariano Arana, quien actualmente integra la Junta Departamental, se detuvo a destacar la labor del dise\u00f1o de su compa\u00f1ero Nebel Fabini y el trabajo del Ing. Eladio Dieste, responsables de la obra de VICMAN. <em>\u201cSer presidente de\u00a0 la comisi\u00f3n fomento que est\u00e1 impulsando que la obra de Dieste pase a ser recordada por la UNESCO para que esa obra perdure controlada por el propio \u00e1mbito mundial, es un orgullo que espero que ustedes cooperativistas de VICMAN puedan tambi\u00e9n disfrutar y valorar\u201d,<\/em> expres\u00f3.<\/p>\n<p><strong>A puro ritmo<\/strong><\/p>\n<p>La fiesta cont\u00f3 con la actuaci\u00f3n de diferentes cuadros art\u00edsticos llevadas a cabo por ni\u00f1os y j\u00f3venes que participan de diferentes propuestas que brinda la cooperativa durante todo el a\u00f1o. De esta manera, el segundo escenario montado en el centro del predio recibi\u00f3 la participaci\u00f3n del grupo de karate y la escuela de danza que realizaron sus presentaciones ante las familias y autoridades. La cuerda de tambores de la cooperativa dio cierre a la velada a todo color y ritmo.<\/p>\n<p><strong>Esto reci\u00e9n empieza<\/strong><\/p>\n<p>Esta celebraci\u00f3n representa la apertura de lo que ser\u00e1n los festejos, que contin\u00faan el s\u00e1bado 10 de marzo con un espect\u00e1culo musical del cual participar\u00e1n el grupo Vi-Em, el Gucci, Rub\u00e9n Rada, Valeria Lima entro otros artistas. Adem\u00e1s, el 19 de marzo se celebrar\u00e1n los 45 a\u00f1os de la escuela VICMAN, administrada por la cooperativa de viviendas que ofrece una propuesta educativa particularmente enfocada a la formaci\u00f3n en valores cooperativos, educaci\u00f3n ambiental y desarrollo del arte.<\/p>\n<p><strong>Un a\u00f1o de celebraciones<\/strong><\/p>\n<p>El 2018 es un a\u00f1o muy especial para el movimiento cooperativo. Junto a la celebraci\u00f3n de los 50 a\u00f1os de VICMAN, este a\u00f1o se conmemoran adem\u00e1s los 50 a\u00f1os de la Ley de Vivienda. En este sentido se estar\u00e1n realizando una serie de actividades desde los \u00e1mbitos cooperativos y tambi\u00e9n desde el poder legislativo, la UdelaR y la sociedad de arquitectos, que har\u00e1n foco en una reflexi\u00f3n colectiva al tema de la vivienda.<\/p>\n<p>Se cumplen este a\u00f1o 30 a\u00f1os de la Confederaci\u00f3n Uruguaya de Entidades Cooperativas (CUDECOOP), 10 a\u00f1os de la Ley 18.407 creadora del INACOOP y se realizar\u00e1 el 4\u00b0 encuentro nacional del cooperativismo, este a\u00f1o con sede en Montevideo.<\/p>\n<p><a title=\"VICMAN 50 a\u00f1os\" href=\"https:\/\/www.flickr.com\/gp\/157869824@N05\/k6Ez7K\" data-flickr-embed=\"true\"><img loading=\"lazy\" decoding=\"async\" src=\"https:\/\/farm5.staticflickr.com\/4760\/38578448170_a7de3af4cc_z.jpg\" alt=\"VICMAN 50 a\u00f1os\" width=\"640\" height=\"367\" \/><\/a><script async src=\"\/\/embedr.flickr.com\/assets\/client-code.js\" charset=\"utf-8\"><\/script><\/p>\n","protected":false},"excerpt":{"rendered":"<p>La Cooperativa Matriz de Viviendas Malv\u00edn Norte (VICMAN) cumpli\u00f3 50 a\u00f1os y comenz\u00f3 sus festejos en la noche del domingo 18 de febrero con una concurrida ceremonia que convoc\u00f3 autoridades &#8230;<\/p>\n","protected":false},"author":1,"featured_media":2419,"comment_status":"closed","ping_status":"closed","sticky":false,"template":"","format":"standard","meta":{"footnotes":""},"categories":[2],"tags":[],"class_list":["post-2416","post","type-post","status-publish","format-standard","has-post-thumbnail","hentry","category-noticias"],"_links":{"self":[{"href":"https:\/\/fecovi.coop\/web\/wp-json\/wp\/v2\/posts\/2416","targetHints":{"allow":["GET"]}}],"collection":[{"href":"https:\/\/fecovi.coop\/web\/wp-json\/wp\/v2\/posts"}],"about":[{"href":"https:\/\/fecovi.coop\/web\/wp-json\/wp\/v2\/types\/post"}],"author":[{"embeddable":true,"href":"https:\/\/fecovi.coop\/web\/wp-json\/wp\/v2\/users\/1"}],"replies":[{"embeddable":true,"href":"https:\/\/fecovi.coop\/web\/wp-json\/wp\/v2\/comments?post=2416"}],"version-history":[{"count":15,"href":"https:\/\/fecovi.coop\/web\/wp-json\/wp\/v2\/posts\/2416\/revisions"}],"predecessor-version":[{"id":2457,"href":"https:\/\/fecovi.coop\/web\/wp-json\/wp\/v2\/posts\/2416\/revisions\/2457"}],"wp:featuredmedia":[{"embeddable":true,"href":"https:\/\/fecovi.coop\/web\/wp-json\/wp\/v2\/media\/2419"}],"wp:attachment":[{"href":"https:\/\/fecovi.coop\/web\/wp-json\/wp\/v2\/media?parent=2416"}],"wp:term":[{"taxonomy":"category","embeddable":true,"href":"https:\/\/fecovi.coop\/web\/wp-json\/wp\/v2\/categories?post=2416"},{"taxonomy":"post_tag","embeddable":true,"href":"https:\/\/fecovi.coop\/web\/wp-json\/wp\/v2\/tags?post=2416"}],"curies":[{"name":"wp","href":"https:\/\/api.w.org\/{rel}","templated":true}]}}