{"id":2413,"date":"2018-02-14T20:09:12","date_gmt":"2018-02-14T20:09:12","guid":{"rendered":"https:\/\/fecovi.coop\/web\/?p=2413"},"modified":"2018-02-14T20:09:12","modified_gmt":"2018-02-14T20:09:12","slug":"coviappay-ya-tiene-personeria-y-estatuto-aprobado","status":"publish","type":"post","link":"https:\/\/fecovi.coop\/web\/coviappay-ya-tiene-personeria-y-estatuto-aprobado\/","title":{"rendered":"Coviappay ya tiene Personer\u00eda y Estatuto aprobado"},"content":{"rendered":"<p>Al promediar la semana anterior, retomando las actividades, nuestra cooperativa de vivienda, Coviappay (cooperativa de vivienda por ahorro previo Paysand\u00fa), recibi\u00f3 la buena nueva que la personer\u00eda jur\u00eddica y sus estatutos hab\u00edan sido aprobados por la Direcci\u00f3n General de Registro. Culmina as\u00ed un proceso iniciado el pasado a\u00f1o que habilita siguientes etapas, una de ellas la afiliaci\u00f3n a la gremial. El proceso implic\u00f3 amplia difusi\u00f3n en los medios locales, visita a distintos colectivos, -laborales, sociales, comerciales-, presentaci\u00f3n ante actores institucionales como Intendencia, ANV, MVOTMA y constante trabajo de asesoramiento y seguimiento de los vaivenes del grupo.<\/p>\n<p>La cooperativa particip\u00f3 en instancias p\u00fablicas referidas al tema del proyecto paylana.<br \/>\nEn todo el proceso anterior, la cooperativa en fase formativa, dispuso del permanente apoyo de FECOVI que, entre otras cosas, aport\u00f3 el trabajo de sus equipos t\u00e9cnicos y un asesor afincado en la ciudad. La formaci\u00f3n de esta cooperativa fue parte del \u201caterrizaje\u201d de la Federaci\u00f3n en Paysand\u00fa, en el marco de su proyecto de desarrollo. Por otra parte, directivos de Federaci\u00f3n estuvieron varias veces en Paysand\u00fa aportando informaci\u00f3n, se\u00f1alando el respaldo institucional y entrevist\u00e1ndose con actores institucionales locales.<\/p>\n<p>La noticia sobre la aprobaci\u00f3n de la Personer\u00eda Jur\u00eddica y los Estatutos, trasmitida por el Consejo Directivo provisorio a su masa social, tonific\u00f3 al grupo, hoy, constituido por 17 familias y un cupo de 30. Ahora arranca una segunda etapa que se solapa con la anterior.<\/p>\n<p><strong>Apurando el tranco<\/strong><br \/>\nTras acceder a los Estatutos se entreg\u00f3 una copia a la Intendencia para dar cuenta de los avances verificados. En las pr\u00f3ximas semanas, inaugurando el Estatuto, la cooperativa se apresta a realizar sus primeras elecciones para, inmediatamente despu\u00e9s, dar inicio a un conjunto de tr\u00e1mites imprescindibles con las correspondientes certificaciones notariales. Paralelamente ya comenzaron a trabajar con el Instituto (IAT Cooperativa de Trabajo Paysand\u00fa) que los asesorar\u00e1 y present\u00f3 una propuesta de trabajo. En un plazo perentorio, tras estudiar texto, se firmar\u00e1 el<br \/>\ncorrespondiente contrato.<\/p>\n<p>Por lo pronto, se ha iniciado el camino hacia la obtenci\u00f3n del certificado de regularidad. Como se sabe el primero de ellos se tramita en la capital del pa\u00eds.<br \/>\nHay decisi\u00f3n formada en relaci\u00f3n a iniciar una campa\u00f1a para completar los cupos disponibles. La misma retoma la idea de volver a visitar nuevos colectivos y apelar a los medios de difusi\u00f3n.<\/p>\n<p><strong>Oportunidad \u00fanica<\/strong><br \/>\nEstas actuaciones tienen como tel\u00f3n de fondo el proyecto en la ex textil Paylana; predio de 4 hect\u00e1reas, adquirido por la Intendencia al Fondes con el manifiesto prop\u00f3sito de implantar un complejo educativo, sanitario y habitacional. El predio, a pocas cuadras del r\u00edo Uruguay y en la zona industrial, cuenta con toda la infraestructura y servicios requeridos. Es un espacio intermedio de la ciudad muy consolidado.<\/p>\n<p>Est\u00e1 definido, en material habitacional, la presencia en el predio de unas 550 viviendas; 300\/350 de ellas, cooperativas. Existe el compromiso por parte del MVOTMA, que deber\u00e1 extender la correspondiente resoluci\u00f3n, de financiar este a\u00f1o, extra sorteos, 120 viviendas, a raz\u00f3n de una cooperativa por organizaci\u00f3n. Por esto se prepara Coviappay. Las otras 5 cooperativas, si disponen de la tierra antes del 4 de mayo, iniciar\u00e1n el camino hacia el (primer) sorteo en diciembre del 19. Se estima que en marzo se entreguen las parcelas a cada una de las cooperativas y se anuncie la constituci\u00f3n, con las organizaciones m\u00e1s representativas del h\u00e1bitat con presencia en la regi\u00f3n, -claramente FECOVI- de una comisi\u00f3n bipartita o tripartita si se suma el MVOTMA. De aqu\u00ed en m\u00e1s Coviappay, inscripta para construir en altura en la expaylana, comienza un trabajo de mayor militancia, compromiso, autogesti\u00f3n, aprendizaje y fuerte vinculaci\u00f3n con el entorno y sus asesores.<\/p>\n<p>Hay mucho entusiasmo en la masa social de coviappay y ello es un ingrediente importante a la hora de sumar esfuerzos y hacerse cargo de la autogesti\u00f3n. Para los cooperativistas de Coviappay, el futuro se empieza a edificar.<\/p>\n","protected":false},"excerpt":{"rendered":"<p>Al promediar la semana anterior, retomando las actividades, nuestra cooperativa de vivienda, Coviappay (cooperativa de vivienda por ahorro previo Paysand\u00fa), recibi\u00f3 la buena nueva que la personer\u00eda jur\u00eddica y sus &#8230;<\/p>\n","protected":false},"author":1,"featured_media":2415,"comment_status":"closed","ping_status":"closed","sticky":false,"template":"","format":"standard","meta":{"footnotes":""},"categories":[2],"tags":[],"class_list":["post-2413","post","type-post","status-publish","format-standard","has-post-thumbnail","hentry","category-noticias"],"_links":{"self":[{"href":"https:\/\/fecovi.coop\/web\/wp-json\/wp\/v2\/posts\/2413","targetHints":{"allow":["GET"]}}],"collection":[{"href":"https:\/\/fecovi.coop\/web\/wp-json\/wp\/v2\/posts"}],"about":[{"href":"https:\/\/fecovi.coop\/web\/wp-json\/wp\/v2\/types\/post"}],"author":[{"embeddable":true,"href":"https:\/\/fecovi.coop\/web\/wp-json\/wp\/v2\/users\/1"}],"replies":[{"embeddable":true,"href":"https:\/\/fecovi.coop\/web\/wp-json\/wp\/v2\/comments?post=2413"}],"version-history":[{"count":1,"href":"https:\/\/fecovi.coop\/web\/wp-json\/wp\/v2\/posts\/2413\/revisions"}],"predecessor-version":[{"id":2414,"href":"https:\/\/fecovi.coop\/web\/wp-json\/wp\/v2\/posts\/2413\/revisions\/2414"}],"wp:featuredmedia":[{"embeddable":true,"href":"https:\/\/fecovi.coop\/web\/wp-json\/wp\/v2\/media\/2415"}],"wp:attachment":[{"href":"https:\/\/fecovi.coop\/web\/wp-json\/wp\/v2\/media?parent=2413"}],"wp:term":[{"taxonomy":"category","embeddable":true,"href":"https:\/\/fecovi.coop\/web\/wp-json\/wp\/v2\/categories?post=2413"},{"taxonomy":"post_tag","embeddable":true,"href":"https:\/\/fecovi.coop\/web\/wp-json\/wp\/v2\/tags?post=2413"}],"curies":[{"name":"wp","href":"https:\/\/api.w.org\/{rel}","templated":true}]}}