{"id":2386,"date":"2018-01-24T18:47:56","date_gmt":"2018-01-24T18:47:56","guid":{"rendered":"https:\/\/fecovi.coop\/web\/?p=2386"},"modified":"2018-01-24T19:12:05","modified_gmt":"2018-01-24T19:12:05","slug":"invitacion-en-febrero-vuelve-la-obra-de-teatro-falta-grave","status":"publish","type":"post","link":"https:\/\/fecovi.coop\/web\/invitacion-en-febrero-vuelve-la-obra-de-teatro-falta-grave\/","title":{"rendered":"Invitaci\u00f3n &#8211; En Febrero: vuelve la obra de teatro \u00abFalta grave\u00bb"},"content":{"rendered":"<p>En el mes de febrero vuelve la obra de teatro \u00abFalta grave\u00bb, con 4 \u00fanicas funciones a realizarse los d\u00edas <strong>viernes 16 y 23<\/strong>, y <strong>s\u00e1bados 17 y 24<\/strong>, a las <strong>21.00 h<\/strong> en <strong>Las B\u00f3vedas <\/strong>-Rambla Portuaria e Ituzaing\u00f3-.<\/p>\n<p>Ganadora del Programa Fortalecimiento de las Artes, y nominada a los Premios Florencio como Mejor Espect\u00e1culo Alternativo, la obra \u00abFalta Grave\u00bb sucede en una asamblea de \u201cCamino Nuevo\u201d, cooperativa de viviendas que despu\u00e9s de 12 a\u00f1os empieza a levantar sus edificios.<br \/>\nPero esta no ser\u00e1 una asamblea como las de siempre. La situaci\u00f3n de algunos integrantes morosos est\u00e1 complicando el buen desarrollo de la construcci\u00f3n y de la asamblea. Deben tomarse medidas. No te vayas sin votar, que es una falta grave.<\/p>\n<p>Elenco:<br \/>\nDiego Minetti &#8211; Florencia Caballero &#8211; Florencia Salvetto &#8211; Agustina Vazquez Paz &#8211; Mar\u00eda Noel Laguna &#8211; Magdalena Bosch &#8211; Bruno Travieso &#8211; Susana Anselmi<br \/>\nVestuario &#8211; Cecilia Bello<br \/>\nProducci\u00f3n &#8211; Sof\u00eda Garc\u00eda<br \/>\nDramaturgia y Direcci\u00f3n &#8211; Luc\u00eda Garc\u00eda<\/p>\n<p>\u00a1Los esperamos!<\/p>\n","protected":false},"excerpt":{"rendered":"<p>En el mes de febrero vuelve la obra de teatro \u00abFalta grave\u00bb, con 4 \u00fanicas funciones a realizarse los d\u00edas viernes 16 y 23, y s\u00e1bados 17 y 24, a &#8230;<\/p>\n","protected":false},"author":1,"featured_media":2387,"comment_status":"closed","ping_status":"closed","sticky":false,"template":"","format":"standard","meta":{"footnotes":""},"categories":[2],"tags":[],"class_list":["post-2386","post","type-post","status-publish","format-standard","has-post-thumbnail","hentry","category-noticias"],"_links":{"self":[{"href":"https:\/\/fecovi.coop\/web\/wp-json\/wp\/v2\/posts\/2386","targetHints":{"allow":["GET"]}}],"collection":[{"href":"https:\/\/fecovi.coop\/web\/wp-json\/wp\/v2\/posts"}],"about":[{"href":"https:\/\/fecovi.coop\/web\/wp-json\/wp\/v2\/types\/post"}],"author":[{"embeddable":true,"href":"https:\/\/fecovi.coop\/web\/wp-json\/wp\/v2\/users\/1"}],"replies":[{"embeddable":true,"href":"https:\/\/fecovi.coop\/web\/wp-json\/wp\/v2\/comments?post=2386"}],"version-history":[{"count":1,"href":"https:\/\/fecovi.coop\/web\/wp-json\/wp\/v2\/posts\/2386\/revisions"}],"predecessor-version":[{"id":2388,"href":"https:\/\/fecovi.coop\/web\/wp-json\/wp\/v2\/posts\/2386\/revisions\/2388"}],"wp:featuredmedia":[{"embeddable":true,"href":"https:\/\/fecovi.coop\/web\/wp-json\/wp\/v2\/media\/2387"}],"wp:attachment":[{"href":"https:\/\/fecovi.coop\/web\/wp-json\/wp\/v2\/media?parent=2386"}],"wp:term":[{"taxonomy":"category","embeddable":true,"href":"https:\/\/fecovi.coop\/web\/wp-json\/wp\/v2\/categories?post=2386"},{"taxonomy":"post_tag","embeddable":true,"href":"https:\/\/fecovi.coop\/web\/wp-json\/wp\/v2\/tags?post=2386"}],"curies":[{"name":"wp","href":"https:\/\/api.w.org\/{rel}","templated":true}]}}