{"id":2364,"date":"2017-12-26T21:37:15","date_gmt":"2017-12-26T21:37:15","guid":{"rendered":"https:\/\/fecovi.coop\/web\/?p=2364"},"modified":"2017-12-26T21:37:15","modified_gmt":"2017-12-26T21:37:15","slug":"se-realizo-la-ultima-asamblea-general-del-ano","status":"publish","type":"post","link":"https:\/\/fecovi.coop\/web\/se-realizo-la-ultima-asamblea-general-del-ano\/","title":{"rendered":"Se realiz\u00f3 la \u00faltima Asamblea General del a\u00f1o"},"content":{"rendered":"<p>El Consejo Directivo de FECOVI celebr\u00f3 el <strong>mi\u00e9rcoles 20 de diciembre<\/strong> su \u00faltima Asamblea General correspondiente al a\u00f1o 2017. Con la participaci\u00f3n de representantes de 25 cooperativas (entre ellas, cooperativas de Paysand\u00fa y Maldonado) se dio lectura y aprobaci\u00f3n a la Memoria y Balance del a\u00f1o 2016, y se comparti\u00f3 un brindis de cierre de actividades junto a los presentes.<br \/>\nLa Contadora de la Federaci\u00f3n, Carla Azzarini, present\u00f3 el balance correspondiente al a\u00f1o 2016, evacuando dudas y consultas presentadas por algunos de los delegados de las cooperativas. En ese sentido se trajo a colaci\u00f3n la situaci\u00f3n de COFAC y el tema de las capitalizaciones. Respecto del balance, se sugiri\u00f3 para pr\u00f3ximas oportunidades el poder aclarar la cantidad de meses de atraso de cada cooperativa.<br \/>\nPor su parte, el Presidente de FECOVI, Ricardo Pisciottano, indic\u00f3 alguna de las posibles ejecuciones que podr\u00e1n realizarse con el dinero a recibir por la venta del inmueble del edificio Lapido, invitando a las cooperativas socias a enviar sugerencias para la posible inversi\u00f3n.<br \/>\nEn la ocasi\u00f3n participaron representantes de la cooperativa COVIAPPAY de Paysand\u00fa (formada en el mes de octubre de este a\u00f1o) y de la cooperativa COVIFOPE de Maldonado, a quienes se agradeci\u00f3 muy especialmente su presencia.<\/p>\n<p><strong>50 a\u00f1os de la Ley de Vivienda<\/strong><\/p>\n<p>En diciembre del pr\u00f3ximo a\u00f1o 2018 se estar\u00e1n cumpliendo 50 a\u00f1os de la Ley de Vivienda 13728. El movimiento Cooperativo de Vivienda Uruguayo se prepara para conmemorar dicho hist\u00f3rico evento, que fue el disparador de la realidad que hoy tenemos en todo el Uruguay.<br \/>\nEl modelo de Cooperativas de vivienda de nuestro pa\u00eds que hoy sirve de modelo y ejemplo para muchos otro pa\u00edses, es la concreci\u00f3n de lo que imaginaron y plasmaron en una ley, aquellos talentosos y comprometidos legisladores, dirigentes y t\u00e9cnicos .<br \/>\nTambi\u00e9n en 1968, pero el 18 de febrero se fundaba en Montevideo la primera Cooperativa de Viviendas de nuestro sistema, Cooperativa de Viviendas de Usuarios por Ahorro Previo VICMAN.<br \/>\nAmbos acontecimientos ser\u00e1n festejados por toda la Federaci\u00f3n.<br \/>\nOportunamente se comunicar\u00e1 a todos los socios de Fecovi las actividades que estaremos desarrollando.<\/p>\n<p><a title=\"Asamblea Diciembre 2017\" href=\"https:\/\/www.flickr.com\/photos\/157869824@N05\/albums\/72157691310857465\" data-flickr-embed=\"true\"><img loading=\"lazy\" decoding=\"async\" src=\"https:\/\/farm5.staticflickr.com\/4735\/39175794182_f1aa1b0ab6_z.jpg\" alt=\"Asamblea Diciembre 2017\" width=\"640\" height=\"426\" \/><\/a><script async src=\"\/\/embedr.flickr.com\/assets\/client-code.js\" charset=\"utf-8\"><\/script><\/p>\n","protected":false},"excerpt":{"rendered":"<p>El Consejo Directivo de FECOVI celebr\u00f3 el mi\u00e9rcoles 20 de diciembre su \u00faltima Asamblea General correspondiente al a\u00f1o 2017. Con la participaci\u00f3n de representantes de 25 cooperativas (entre ellas, cooperativas &#8230;<\/p>\n","protected":false},"author":1,"featured_media":2365,"comment_status":"closed","ping_status":"closed","sticky":false,"template":"","format":"standard","meta":{"footnotes":""},"categories":[2],"tags":[],"class_list":["post-2364","post","type-post","status-publish","format-standard","has-post-thumbnail","hentry","category-noticias"],"_links":{"self":[{"href":"https:\/\/fecovi.coop\/web\/wp-json\/wp\/v2\/posts\/2364","targetHints":{"allow":["GET"]}}],"collection":[{"href":"https:\/\/fecovi.coop\/web\/wp-json\/wp\/v2\/posts"}],"about":[{"href":"https:\/\/fecovi.coop\/web\/wp-json\/wp\/v2\/types\/post"}],"author":[{"embeddable":true,"href":"https:\/\/fecovi.coop\/web\/wp-json\/wp\/v2\/users\/1"}],"replies":[{"embeddable":true,"href":"https:\/\/fecovi.coop\/web\/wp-json\/wp\/v2\/comments?post=2364"}],"version-history":[{"count":1,"href":"https:\/\/fecovi.coop\/web\/wp-json\/wp\/v2\/posts\/2364\/revisions"}],"predecessor-version":[{"id":2366,"href":"https:\/\/fecovi.coop\/web\/wp-json\/wp\/v2\/posts\/2364\/revisions\/2366"}],"wp:featuredmedia":[{"embeddable":true,"href":"https:\/\/fecovi.coop\/web\/wp-json\/wp\/v2\/media\/2365"}],"wp:attachment":[{"href":"https:\/\/fecovi.coop\/web\/wp-json\/wp\/v2\/media?parent=2364"}],"wp:term":[{"taxonomy":"category","embeddable":true,"href":"https:\/\/fecovi.coop\/web\/wp-json\/wp\/v2\/categories?post=2364"},{"taxonomy":"post_tag","embeddable":true,"href":"https:\/\/fecovi.coop\/web\/wp-json\/wp\/v2\/tags?post=2364"}],"curies":[{"name":"wp","href":"https:\/\/api.w.org\/{rel}","templated":true}]}}