{"id":2292,"date":"2017-12-19T23:39:33","date_gmt":"2017-12-19T23:39:33","guid":{"rendered":"https:\/\/fecovi.coop\/web\/?p=2292"},"modified":"2017-12-21T19:17:59","modified_gmt":"2017-12-21T19:17:59","slug":"inauguro-cooperativa-puerto-fabini","status":"publish","type":"post","link":"https:\/\/fecovi.coop\/web\/inauguro-cooperativa-puerto-fabini\/","title":{"rendered":"Inaugur\u00f3 Cooperativa Puerto Fabini"},"content":{"rendered":"<p>En la tarde del s\u00e1bado 16 de diciembre se realiz\u00f3 la ceremonia de inauguraci\u00f3n de la cooperativa Puerto Fabini. Ubicada en\u00a0Diagonal Fabini entre Piedras y la Rambla Portuaria (Ciudad Vieja), este importante proyecto de nuestro sistema cooperativo por ahorro previo contempla 50 viviendas: 41 unidades de 2 dormitorios, y 9 unidades de 3.<\/p>\n<p>La celebraci\u00f3n cont\u00f3 con la presencia del Intendente de Montevideo Ing. Daniel Mart\u00ednez, el Alcalde del Municipio B Carlos Varela, el Director Nacional de Vivienda Arq. Salvador Schelotto, el Presidente de la Agencia Nacional de Vivienda Arq. Francisco Beltrame, el Presidente de FECOVI Ricardo Psiciottano -junto a representantes del Consejo Directivo de la Federaci\u00f3n-, y representantes del Consejo Directivo de la Cooperativa.<\/p>\n<p>La Comparsa Ciudad Vieja fue la encargada de dar apertura al festejo que comenz\u00f3 a las 17.00 horas y se extendi\u00f3 hasta la noche.<\/p>\n<p><strong>Sobre la cooperativa\u00a0<\/strong><\/p>\n<p>En el a\u00f1o 2005 la cooperativa Puerto Fabini se traz\u00f3 como objetivo completar los cupos de la cooperativa, y por otro lado concretar la adquisici\u00f3n del terreno, que se logr\u00f3 en el a\u00f1o 2008, luego de que <b>FECOVI<\/b> comprara a la IMM el predio de Piedras y Juncal para desarrollar un proyecto cooperativo.<\/p>\n<p>En ese entonces se presentaron 12 familias interesadas, que el <b>23 de junio de 2005<\/b> firmaron su acta fundacional.<\/p>\n<p>Durante el 2009 se trabaj\u00f3 en la realizaci\u00f3n del anteproyecto arquitect\u00f3nico y social, que fue presentado en marzo de 2010 en el MVOTMA. En julio del mismo a\u00f1o se accedi\u00f3 (mediante sorteo) al pr\u00e9stamo, e inmediatamente se present\u00f3 el proyecto definitivo.<\/p>\n<p>En diciembre del 2012 se realiz\u00f3 la licitaci\u00f3n de la obra.<\/p>\n<p><a href=\"http:\/\/www.anv.gub.uy\/grb\/noticia.aspx?id_noticia=563\" target=\"_blank\" rel=\"noopener\">Ver noticia relacionada &#8211; ANV<\/a><\/p>\n<p><a href=\"http:\/\/www.mvotma.gub.uy\/portal\/sala-de-prensa\/noticias\/item\/10009655-50-familias-estrenan-nuevo-hogar.html\" target=\"_blank\" rel=\"noopener\">Ver noticia relacionada &#8211; MVOTMA<\/a><\/p>\n<p><a title=\"Inauguraci\u00f3n Puerto Fabini\" href=\"https:\/\/www.flickr.com\/photos\/157869824@N05\/albums\/72157667650489429\" data-flickr-embed=\"true\"><img loading=\"lazy\" decoding=\"async\" class=\"aligncenter\" src=\"https:\/\/farm5.staticflickr.com\/4635\/27425716029_4b7da10024_z.jpg\" alt=\"Inauguraci\u00f3n Puerto Fabini\" width=\"640\" height=\"347\" \/><\/a><script async src=\"\/\/embedr.flickr.com\/assets\/client-code.js\" charset=\"utf-8\"><\/script><\/p>\n","protected":false},"excerpt":{"rendered":"<p>En la tarde del s\u00e1bado 16 de diciembre se realiz\u00f3 la ceremonia de inauguraci\u00f3n de la cooperativa Puerto Fabini. Ubicada en\u00a0Diagonal Fabini entre Piedras y la Rambla Portuaria (Ciudad Vieja), &#8230;<\/p>\n","protected":false},"author":1,"featured_media":2325,"comment_status":"closed","ping_status":"closed","sticky":false,"template":"","format":"standard","meta":{"footnotes":""},"categories":[2],"tags":[],"class_list":["post-2292","post","type-post","status-publish","format-standard","has-post-thumbnail","hentry","category-noticias"],"_links":{"self":[{"href":"https:\/\/fecovi.coop\/web\/wp-json\/wp\/v2\/posts\/2292","targetHints":{"allow":["GET"]}}],"collection":[{"href":"https:\/\/fecovi.coop\/web\/wp-json\/wp\/v2\/posts"}],"about":[{"href":"https:\/\/fecovi.coop\/web\/wp-json\/wp\/v2\/types\/post"}],"author":[{"embeddable":true,"href":"https:\/\/fecovi.coop\/web\/wp-json\/wp\/v2\/users\/1"}],"replies":[{"embeddable":true,"href":"https:\/\/fecovi.coop\/web\/wp-json\/wp\/v2\/comments?post=2292"}],"version-history":[{"count":11,"href":"https:\/\/fecovi.coop\/web\/wp-json\/wp\/v2\/posts\/2292\/revisions"}],"predecessor-version":[{"id":2349,"href":"https:\/\/fecovi.coop\/web\/wp-json\/wp\/v2\/posts\/2292\/revisions\/2349"}],"wp:featuredmedia":[{"embeddable":true,"href":"https:\/\/fecovi.coop\/web\/wp-json\/wp\/v2\/media\/2325"}],"wp:attachment":[{"href":"https:\/\/fecovi.coop\/web\/wp-json\/wp\/v2\/media?parent=2292"}],"wp:term":[{"taxonomy":"category","embeddable":true,"href":"https:\/\/fecovi.coop\/web\/wp-json\/wp\/v2\/categories?post=2292"},{"taxonomy":"post_tag","embeddable":true,"href":"https:\/\/fecovi.coop\/web\/wp-json\/wp\/v2\/tags?post=2292"}],"curies":[{"name":"wp","href":"https:\/\/api.w.org\/{rel}","templated":true}]}}