{"id":2282,"date":"2017-12-19T22:50:25","date_gmt":"2017-12-19T22:50:25","guid":{"rendered":"https:\/\/fecovi.coop\/web\/?p=2282"},"modified":"2017-12-21T19:19:17","modified_gmt":"2017-12-21T19:19:17","slug":"fecovi-se-reunio-con-ministra-de-vivienda","status":"publish","type":"post","link":"https:\/\/fecovi.coop\/web\/fecovi-se-reunio-con-ministra-de-vivienda\/","title":{"rendered":"FECOVI se reuni\u00f3 con Ministra de Vivienda"},"content":{"rendered":"<p>El pasado jueves 7 de diciembre se concret\u00f3 un encuentro entre las nuevas autoridades de FECOVI y la Ministra de Vivienda Ordenamiento Territorial y Medio Ambiente, Arq. Eneida de Le\u00f3n, que invit\u00f3 a la Federaci\u00f3n a mantener una reuni\u00f3n de trabajo sobre diversos temas.<\/p>\n<p>Adem\u00e1s de los planteamientos realizados por la Ministra, por parte de FECOVI se inform\u00f3 sobre la realidad actual de la Federaci\u00f3n, que se encuentra en una etapa de importante crecimiento, formando nuevas cooperativas en Montevideo e interior, inaugurando cooperativas y ya construyendo otras.<\/p>\n<p>FECOVI salud\u00f3 el significativo avance que representa el aumento de los topes para ingresar al sistema cooperativo de vivienda, atendiendo a la integraci\u00f3n de los n\u00facleos familiares, un hist\u00f3rico reclamo que se resolvi\u00f3 favorablemente. Atendiendo a la sensibilidad demostrada por las autoridades ministeriales y especialmente por la Ministra, la oportunidad fue propicia para plantear la necesidad de reconsiderar la baja del mencionado tope para el caso de una persona sola, atendiendo que en el cooperativismo de vivienda bajo la modalidad de ahorro previo, es necesario que la persona tenga posibilidad de ahorro, lo que merece una especial consideraci\u00f3n. FECOVI propuso que para esta situaci\u00f3n se mantenga el nivel de ingresos que reg\u00eda antes de la modificaci\u00f3n, esto es 60 UR.<\/p>\n<p>La reuni\u00f3n fue evaluada como altamente positiva por parte de todos los participantes, por lo que se seguir\u00e1n manteniendo encuentros de igual naturaleza para avanzar por el camino del di\u00e1logo y el entendimiento en la consolidaci\u00f3n\u00a0 del cooperativismo de vivienda de usuarios por ahorro previo, y a la soluci\u00f3n de otros problemas que ata\u00f1en a nuestra Federaci\u00f3n.<\/p>\n<p><a title=\"Reuni\u00f3n MInistra\" href=\"https:\/\/www.flickr.com\/photos\/157869824@N05\/albums\/72157661823551527\" data-flickr-embed=\"true\"><img loading=\"lazy\" decoding=\"async\" class=\"aligncenter\" src=\"https:\/\/farm5.staticflickr.com\/4644\/39201451001_24586042fa_z.jpg\" alt=\"Reuni\u00f3n MInistra\" width=\"640\" height=\"383\" \/><\/a><script async src=\"\/\/embedr.flickr.com\/assets\/client-code.js\" charset=\"utf-8\"><\/script><\/p>\n","protected":false},"excerpt":{"rendered":"<p>El pasado jueves 7 de diciembre se concret\u00f3 un encuentro entre las nuevas autoridades de FECOVI y la Ministra de Vivienda Ordenamiento Territorial y Medio Ambiente, Arq. Eneida de Le\u00f3n, &#8230;<\/p>\n","protected":false},"author":1,"featured_media":2284,"comment_status":"closed","ping_status":"closed","sticky":false,"template":"","format":"standard","meta":{"footnotes":""},"categories":[2],"tags":[],"class_list":["post-2282","post","type-post","status-publish","format-standard","has-post-thumbnail","hentry","category-noticias"],"_links":{"self":[{"href":"https:\/\/fecovi.coop\/web\/wp-json\/wp\/v2\/posts\/2282","targetHints":{"allow":["GET"]}}],"collection":[{"href":"https:\/\/fecovi.coop\/web\/wp-json\/wp\/v2\/posts"}],"about":[{"href":"https:\/\/fecovi.coop\/web\/wp-json\/wp\/v2\/types\/post"}],"author":[{"embeddable":true,"href":"https:\/\/fecovi.coop\/web\/wp-json\/wp\/v2\/users\/1"}],"replies":[{"embeddable":true,"href":"https:\/\/fecovi.coop\/web\/wp-json\/wp\/v2\/comments?post=2282"}],"version-history":[{"count":5,"href":"https:\/\/fecovi.coop\/web\/wp-json\/wp\/v2\/posts\/2282\/revisions"}],"predecessor-version":[{"id":2351,"href":"https:\/\/fecovi.coop\/web\/wp-json\/wp\/v2\/posts\/2282\/revisions\/2351"}],"wp:featuredmedia":[{"embeddable":true,"href":"https:\/\/fecovi.coop\/web\/wp-json\/wp\/v2\/media\/2284"}],"wp:attachment":[{"href":"https:\/\/fecovi.coop\/web\/wp-json\/wp\/v2\/media?parent=2282"}],"wp:term":[{"taxonomy":"category","embeddable":true,"href":"https:\/\/fecovi.coop\/web\/wp-json\/wp\/v2\/categories?post=2282"},{"taxonomy":"post_tag","embeddable":true,"href":"https:\/\/fecovi.coop\/web\/wp-json\/wp\/v2\/tags?post=2282"}],"curies":[{"name":"wp","href":"https:\/\/api.w.org\/{rel}","templated":true}]}}