{"id":2270,"date":"2017-12-19T21:48:44","date_gmt":"2017-12-19T21:48:44","guid":{"rendered":"https:\/\/fecovi.coop\/web\/?p=2270"},"modified":"2017-12-21T19:20:30","modified_gmt":"2017-12-21T19:20:30","slug":"encuentro-de-jovenes-cooperativistas-del-cono-sur","status":"publish","type":"post","link":"https:\/\/fecovi.coop\/web\/encuentro-de-jovenes-cooperativistas-del-cono-sur\/","title":{"rendered":"Encuentro de j\u00f3venes cooperativistas del Cono Sur"},"content":{"rendered":"<p>En el marco de la V Cumbre de las Am\u00e9ricas que se realizar\u00e1 en 2018, se llev\u00f3 a cabo el 1\u00b0 y 2 de diciembre, en Buenos Aires, el encuentro de j\u00f3venes cooperativistas de Argentina y Uruguay, una instancia de intercambio organizada por la\u00a0Confederaci\u00f3n Uruguaya de Entidades Cooperativas -CUDECOOP,\u00a0m\u00e1xima entidad de representaci\u00f3n del movimiento cooperativo uruguayo, y la\u00a0Confederaci\u00f3n Cooperativa de la Rep\u00fablica Argentina -COOPERAR-,\u00a0entidad representativa de la econom\u00eda solidaria argentina.<\/p>\n<p>La experiencia invit\u00f3 a j\u00f3venes\u00a0representantes de las diferentes modalidades de cooperativas (ahorro y cr\u00e9dito, consumo, vivienda, agraria, producci\u00f3n) a intercambiar experiencias respecto de cada forma de cooperativa, seg\u00fan la reglamentaci\u00f3n de cada pa\u00eds, al tiempo de reflexionar sobre los contextos sociales, pol\u00edticos y econ\u00f3micos de la regi\u00f3n, y analizar de qu\u00e9 forma la pol\u00edtica incide en los j\u00f3venes y el mundo del trabajo y c\u00f3mo\u00a0impactan en las organizaciones de la econom\u00eda social y solidaria.<\/p>\n<p>La actividad const\u00f3 de 3 talleres motivados por diferentes disparadores sobre los cuales se trabaj\u00f3. Se formaron 2 grupos de trabajo que debieron debatir y reflexionar en base al planteo de diferentes situaciones.<\/p>\n<p>Desde FECOVI participaron\u00a0Gonzalo Irraz\u00e1bal, por Cooperativa Covisur 2, y Claudia Schettini por Cooperativa Sue\u00f1os del Sur.<\/p>\n<p><a title=\"Encuentro Juventud\" href=\"https:\/\/www.flickr.com\/photos\/157869824@N05\/albums\/72157691307936355\" data-flickr-embed=\"true\"><img loading=\"lazy\" decoding=\"async\" class=\"aligncenter\" src=\"https:\/\/farm5.staticflickr.com\/4730\/39174118902_2cb1174cd5_z.jpg\" alt=\"Encuentro Juventud\" width=\"640\" height=\"360\" \/><\/a><script async src=\"\/\/embedr.flickr.com\/assets\/client-code.js\" charset=\"utf-8\"><\/script><\/p>\n","protected":false},"excerpt":{"rendered":"<p>En el marco de la V Cumbre de las Am\u00e9ricas que se realizar\u00e1 en 2018, se llev\u00f3 a cabo el 1\u00b0 y 2 de diciembre, en Buenos Aires, el encuentro &#8230;<\/p>\n","protected":false},"author":1,"featured_media":2276,"comment_status":"closed","ping_status":"closed","sticky":false,"template":"","format":"standard","meta":{"footnotes":""},"categories":[2],"tags":[],"class_list":["post-2270","post","type-post","status-publish","format-standard","has-post-thumbnail","hentry","category-noticias"],"_links":{"self":[{"href":"https:\/\/fecovi.coop\/web\/wp-json\/wp\/v2\/posts\/2270","targetHints":{"allow":["GET"]}}],"collection":[{"href":"https:\/\/fecovi.coop\/web\/wp-json\/wp\/v2\/posts"}],"about":[{"href":"https:\/\/fecovi.coop\/web\/wp-json\/wp\/v2\/types\/post"}],"author":[{"embeddable":true,"href":"https:\/\/fecovi.coop\/web\/wp-json\/wp\/v2\/users\/1"}],"replies":[{"embeddable":true,"href":"https:\/\/fecovi.coop\/web\/wp-json\/wp\/v2\/comments?post=2270"}],"version-history":[{"count":3,"href":"https:\/\/fecovi.coop\/web\/wp-json\/wp\/v2\/posts\/2270\/revisions"}],"predecessor-version":[{"id":2353,"href":"https:\/\/fecovi.coop\/web\/wp-json\/wp\/v2\/posts\/2270\/revisions\/2353"}],"wp:featuredmedia":[{"embeddable":true,"href":"https:\/\/fecovi.coop\/web\/wp-json\/wp\/v2\/media\/2276"}],"wp:attachment":[{"href":"https:\/\/fecovi.coop\/web\/wp-json\/wp\/v2\/media?parent=2270"}],"wp:term":[{"taxonomy":"category","embeddable":true,"href":"https:\/\/fecovi.coop\/web\/wp-json\/wp\/v2\/categories?post=2270"},{"taxonomy":"post_tag","embeddable":true,"href":"https:\/\/fecovi.coop\/web\/wp-json\/wp\/v2\/tags?post=2270"}],"curies":[{"name":"wp","href":"https:\/\/api.w.org\/{rel}","templated":true}]}}