{"id":2213,"date":"2017-11-28T21:37:08","date_gmt":"2017-11-28T21:37:08","guid":{"rendered":"https:\/\/fecovi.coop\/web\/?p=2213"},"modified":"2017-12-07T15:36:56","modified_gmt":"2017-12-07T15:36:56","slug":"encuentro-nacional-por-un-uruguay-sin-asentamientos","status":"publish","type":"post","link":"https:\/\/fecovi.coop\/web\/encuentro-nacional-por-un-uruguay-sin-asentamientos\/","title":{"rendered":"Encuentro Nacional &#8211; Por un Uruguay sin Asentamientos"},"content":{"rendered":"<p>Hacemos extensiva la invitaci\u00f3n a participar del Encuentro Nacional por un Uruguay sin Asentamientos, que tendr\u00e1 lugar el pr\u00f3ximo <strong>6 de diciembre<\/strong>, y en el cual expondr\u00e1 nuestro compa\u00f1ero de cooperativa Andamios, Lic. Marcelo P\u00e9rez.<\/p>\n<p>Tal como lo publican en su p\u00e1gina de Facebook, este movimiento fue creado para \u00abpoder encausar una discusi\u00f3n seria sobre c\u00f3mo, por qu\u00e9 y para cu\u00e1ndo, sobre todo para cu\u00e1ndo, el Uruguay podr\u00e1 ser un pa\u00eds sin asentamientos\u00bb.<\/p>\n<p><em>\u00abLa idea del Encuentro Nacional por un Uruguay sin Asentamientos es reunir a partidos pol\u00edticos, instituciones que trabajan en el territorio con la problem\u00e1tica, academia y a los pobladores de los asentamientos trabajando, en conjunto, con el mecanismo de asambleas para as\u00ed lograr una propuesta program\u00e1tica con el fin de erradicar los asentamientos al mismo tiempo que se da una se\u00f1al hacia d\u00f3nde deber\u00edamos aunar esfuerzos. Los problemas de este pa\u00eds son varios pero quisimos enfocarnos en este. Ya son muchas las instituciones y vecinos que est\u00e1n interesados en participar\u00bb.\u00a0<\/em><\/p>\n<p><a href=\"https:\/\/www.facebook.com\/uruguaysinasentamientos\/\" target=\"_blank\" rel=\"noopener\"><img loading=\"lazy\" decoding=\"async\" class=\"alignleft wp-image-2214 size-full\" src=\"https:\/\/fecovi.coop\/web\/wp-content\/uploads\/2017\/11\/IMG-20171128-WA0013-1.jpg\" alt=\"\" width=\"336\" height=\"280\" srcset=\"https:\/\/fecovi.coop\/web\/wp-content\/uploads\/2017\/11\/IMG-20171128-WA0013-1.jpg 336w, https:\/\/fecovi.coop\/web\/wp-content\/uploads\/2017\/11\/IMG-20171128-WA0013-1-300x250.jpg 300w\" sizes=\"auto, (max-width: 336px) 100vw, 336px\" \/><\/a><\/p>\n<p><strong>M\u00e1s informaci\u00f3n:<br \/>\n<\/strong><a href=\"https:\/\/www.facebook.com\/pg\/uruguaysinasentamientos\/posts\/?ref=page_internal\" target=\"_blank\" rel=\"noopener\">Por un Uruguay sin Asentamientos &#8211; Encuentro Nacional<\/a><\/p>\n","protected":false},"excerpt":{"rendered":"<p>Hacemos extensiva la invitaci\u00f3n a participar del Encuentro Nacional por un Uruguay sin Asentamientos, que tendr\u00e1 lugar el pr\u00f3ximo 6 de diciembre, y en el cual expondr\u00e1 nuestro compa\u00f1ero de &#8230;<\/p>\n","protected":false},"author":1,"featured_media":2214,"comment_status":"closed","ping_status":"closed","sticky":false,"template":"","format":"standard","meta":{"footnotes":""},"categories":[2],"tags":[],"class_list":["post-2213","post","type-post","status-publish","format-standard","has-post-thumbnail","hentry","category-noticias"],"_links":{"self":[{"href":"https:\/\/fecovi.coop\/web\/wp-json\/wp\/v2\/posts\/2213","targetHints":{"allow":["GET"]}}],"collection":[{"href":"https:\/\/fecovi.coop\/web\/wp-json\/wp\/v2\/posts"}],"about":[{"href":"https:\/\/fecovi.coop\/web\/wp-json\/wp\/v2\/types\/post"}],"author":[{"embeddable":true,"href":"https:\/\/fecovi.coop\/web\/wp-json\/wp\/v2\/users\/1"}],"replies":[{"embeddable":true,"href":"https:\/\/fecovi.coop\/web\/wp-json\/wp\/v2\/comments?post=2213"}],"version-history":[{"count":6,"href":"https:\/\/fecovi.coop\/web\/wp-json\/wp\/v2\/posts\/2213\/revisions"}],"predecessor-version":[{"id":2248,"href":"https:\/\/fecovi.coop\/web\/wp-json\/wp\/v2\/posts\/2213\/revisions\/2248"}],"wp:featuredmedia":[{"embeddable":true,"href":"https:\/\/fecovi.coop\/web\/wp-json\/wp\/v2\/media\/2214"}],"wp:attachment":[{"href":"https:\/\/fecovi.coop\/web\/wp-json\/wp\/v2\/media?parent=2213"}],"wp:term":[{"taxonomy":"category","embeddable":true,"href":"https:\/\/fecovi.coop\/web\/wp-json\/wp\/v2\/categories?post=2213"},{"taxonomy":"post_tag","embeddable":true,"href":"https:\/\/fecovi.coop\/web\/wp-json\/wp\/v2\/tags?post=2213"}],"curies":[{"name":"wp","href":"https:\/\/api.w.org\/{rel}","templated":true}]}}