{"id":1971,"date":"2017-10-11T13:45:31","date_gmt":"2017-10-11T13:45:31","guid":{"rendered":"https:\/\/fecovi.coop\/web\/?p=1971"},"modified":"2017-10-11T13:50:57","modified_gmt":"2017-10-11T13:50:57","slug":"se-suspendio-inauguracion-de-cooperativa-virazon","status":"publish","type":"post","link":"https:\/\/fecovi.coop\/web\/se-suspendio-inauguracion-de-cooperativa-virazon\/","title":{"rendered":"Se suspendi\u00f3 inauguraci\u00f3n de Cooperativa Viraz\u00f3n"},"content":{"rendered":"<p>Fue suspendido el acto de inauguraci\u00f3n de la Cooperativa de Viviendas Viraz\u00f3n, previsto de realizarse el s\u00e1bado 21 de octubre. Pr\u00f3ximamente comunicaremos la nueva fecha de realizaci\u00f3n de esta celebraci\u00f3n. Por su parte, Cooperativa Alondra del Prado inaugura el s\u00e1bado 28 de este mes a las 13.00 horas.<\/p>\n","protected":false},"excerpt":{"rendered":"<p>Fue suspendido el acto de inauguraci\u00f3n de la Cooperativa de Viviendas Viraz\u00f3n, previsto de realizarse el s\u00e1bado 21 de octubre. Pr\u00f3ximamente comunicaremos la nueva fecha de realizaci\u00f3n de esta celebraci\u00f3n. &#8230;<\/p>\n","protected":false},"author":1,"featured_media":1972,"comment_status":"closed","ping_status":"closed","sticky":false,"template":"","format":"standard","meta":{"footnotes":""},"categories":[2],"tags":[],"class_list":["post-1971","post","type-post","status-publish","format-standard","has-post-thumbnail","hentry","category-noticias"],"_links":{"self":[{"href":"https:\/\/fecovi.coop\/web\/wp-json\/wp\/v2\/posts\/1971","targetHints":{"allow":["GET"]}}],"collection":[{"href":"https:\/\/fecovi.coop\/web\/wp-json\/wp\/v2\/posts"}],"about":[{"href":"https:\/\/fecovi.coop\/web\/wp-json\/wp\/v2\/types\/post"}],"author":[{"embeddable":true,"href":"https:\/\/fecovi.coop\/web\/wp-json\/wp\/v2\/users\/1"}],"replies":[{"embeddable":true,"href":"https:\/\/fecovi.coop\/web\/wp-json\/wp\/v2\/comments?post=1971"}],"version-history":[{"count":3,"href":"https:\/\/fecovi.coop\/web\/wp-json\/wp\/v2\/posts\/1971\/revisions"}],"predecessor-version":[{"id":1975,"href":"https:\/\/fecovi.coop\/web\/wp-json\/wp\/v2\/posts\/1971\/revisions\/1975"}],"wp:featuredmedia":[{"embeddable":true,"href":"https:\/\/fecovi.coop\/web\/wp-json\/wp\/v2\/media\/1972"}],"wp:attachment":[{"href":"https:\/\/fecovi.coop\/web\/wp-json\/wp\/v2\/media?parent=1971"}],"wp:term":[{"taxonomy":"category","embeddable":true,"href":"https:\/\/fecovi.coop\/web\/wp-json\/wp\/v2\/categories?post=1971"},{"taxonomy":"post_tag","embeddable":true,"href":"https:\/\/fecovi.coop\/web\/wp-json\/wp\/v2\/tags?post=1971"}],"curies":[{"name":"wp","href":"https:\/\/api.w.org\/{rel}","templated":true}]}}