{"id":1841,"date":"2017-09-11T21:51:14","date_gmt":"2017-09-11T21:51:14","guid":{"rendered":"https:\/\/fecovi.coop\/web\/?p=1841"},"modified":"2017-09-11T21:51:14","modified_gmt":"2017-09-11T21:51:14","slug":"homenaje","status":"publish","type":"post","link":"https:\/\/fecovi.coop\/web\/homenaje\/","title":{"rendered":"Homenaje"},"content":{"rendered":"<p>El fin de semana lluvioso da lugar para revisar nuevos recuerdos.<\/p>\n<p>Mirando alg\u00fan \u201cEspacio Com\u00fan\u201d\u00a0del a\u00f1o 2006 de FECOVI me encuentro en \u201cGremiales\u201d unas noticias tristes pero que es bueno recordar. Bajo el t\u00edtulo \u201cFallecimientos\u201d se nombra a los compa\u00f1eros que han partido en el mes de agosto y setiembre de ese a\u00f1o.<\/p>\n<p>La nota dec\u00eda lo siguiente:<\/p>\n<p><em>Ya no contaremos con la presencia f\u00edsica de Julio Echaniz, Enrique Rodas y Manuel Fern\u00e1ndez. Se recuerda a Julio Echaniz por su sensibilidad e inteligencia que le mereci\u00f3 como justo homenaje ser nombrado Presidente de Honor de FECOVI. La Federaci\u00f3n fue su segundo hogar despu\u00e9s de la p\u00e9rdida de su querida esposa y con sus dos \u00fanicos hijos en el exterior desde tiempos de la Dictadura. <\/em><\/p>\n<p><em>Luego Enrique Rodas, fundador de FECOVI. Su pasi\u00f3n por el cooperativismo y sus \u201crabietas\u201d cuando las cooperativas no entregaban las firmas al Banco Hipotecario del Uruguay. <\/em><\/p>\n<p><em>Por \u00faltimo Manuel Fern\u00e1ndez<\/em>, <em>un caballero y un se\u00f1or, con todas las letras. Nunca le conocimos un gesto adusto, una cr\u00edtica, y fue un pilar invalorable para que su compa\u00f1era se volcara activamente a la militancia acompa\u00f1ando y apoy\u00e1ndola siempre. En \u00e9l se recuerda el aporte -necesario y silencioso- muchas veces no valorado de los familiares de los dirigentes. <\/em><\/p>\n<p><em>Estos compa\u00f1eros se fueron f\u00edsicamente pero su presencia seguir\u00e1 viva en la memoria de todos los cooperativistas de FECOVI. Su reconocido accionar en la militancia servir\u00e1 de ejemplo para nuevas generaciones. <\/em><\/p>\n<p>Hoy, despu\u00e9s de 11 a\u00f1os, quiero volver a recordar a estos compa\u00f1eros. De Manuel destaco que quiz\u00e1 siendo el menos militante dentro de la Federaci\u00f3n, siempre llev\u00f3 consigo los desvelos y las alegr\u00edas de la misma, por ser mi querido compa\u00f1ero.<\/p>\n<p>Zulma Perdomo.<\/p>\n","protected":false},"excerpt":{"rendered":"<p>El fin de semana lluvioso da lugar para revisar nuevos recuerdos. Mirando alg\u00fan \u201cEspacio Com\u00fan\u201d\u00a0del a\u00f1o 2006 de FECOVI me encuentro en \u201cGremiales\u201d unas noticias tristes pero que es bueno &#8230;<\/p>\n","protected":false},"author":1,"featured_media":1843,"comment_status":"closed","ping_status":"closed","sticky":false,"template":"","format":"standard","meta":{"footnotes":""},"categories":[2],"tags":[],"class_list":["post-1841","post","type-post","status-publish","format-standard","has-post-thumbnail","hentry","category-noticias"],"_links":{"self":[{"href":"https:\/\/fecovi.coop\/web\/wp-json\/wp\/v2\/posts\/1841","targetHints":{"allow":["GET"]}}],"collection":[{"href":"https:\/\/fecovi.coop\/web\/wp-json\/wp\/v2\/posts"}],"about":[{"href":"https:\/\/fecovi.coop\/web\/wp-json\/wp\/v2\/types\/post"}],"author":[{"embeddable":true,"href":"https:\/\/fecovi.coop\/web\/wp-json\/wp\/v2\/users\/1"}],"replies":[{"embeddable":true,"href":"https:\/\/fecovi.coop\/web\/wp-json\/wp\/v2\/comments?post=1841"}],"version-history":[{"count":1,"href":"https:\/\/fecovi.coop\/web\/wp-json\/wp\/v2\/posts\/1841\/revisions"}],"predecessor-version":[{"id":1842,"href":"https:\/\/fecovi.coop\/web\/wp-json\/wp\/v2\/posts\/1841\/revisions\/1842"}],"wp:featuredmedia":[{"embeddable":true,"href":"https:\/\/fecovi.coop\/web\/wp-json\/wp\/v2\/media\/1843"}],"wp:attachment":[{"href":"https:\/\/fecovi.coop\/web\/wp-json\/wp\/v2\/media?parent=1841"}],"wp:term":[{"taxonomy":"category","embeddable":true,"href":"https:\/\/fecovi.coop\/web\/wp-json\/wp\/v2\/categories?post=1841"},{"taxonomy":"post_tag","embeddable":true,"href":"https:\/\/fecovi.coop\/web\/wp-json\/wp\/v2\/tags?post=1841"}],"curies":[{"name":"wp","href":"https:\/\/api.w.org\/{rel}","templated":true}]}}