{"id":12934,"date":"2024-02-21T14:01:25","date_gmt":"2024-02-21T14:01:25","guid":{"rendered":"https:\/\/fecovi.coop\/web\/?p=12934"},"modified":"2024-02-21T16:24:25","modified_gmt":"2024-02-21T16:24:25","slug":"ronda-de-mujeres-cooperativistas","status":"publish","type":"post","link":"https:\/\/fecovi.coop\/web\/ronda-de-mujeres-cooperativistas\/","title":{"rendered":"Rondas de Mujeres cooperativistas"},"content":{"rendered":"\n<p>FECOVI convoca a mujeres de todas las cooperativas federadas a participar del ciclo <strong>\u00abRonda de Mujeres\u00bb<\/strong>, el cual apunta a constituirse en un espacio de encuentro para dialogar sobre distintas propuestas colectivas que podamos emprender. Llevaremos a cabo cuatro encuentros descentralizados en Montevideo y Paysand\u00fa, en los que compartiremos recursos y conocimientos. En estas instancias podremos, entre otras cosas, revisar el Protocolo de actuaci\u00f3n ante situaciones de violencia de G\u00e9nero que tiene la Federaci\u00f3n, para hacer los ajustes necesarios.<\/p>\n\n\n\n<div style=\"height:22px\" aria-hidden=\"true\" class=\"wp-block-spacer\"><\/div>\n\n\n<div class=\"wp-block-image\">\n<figure class=\"aligncenter size-large\"><img loading=\"lazy\" decoding=\"async\" width=\"1024\" height=\"1024\" src=\"https:\/\/fecovi.coop\/web\/wp-content\/uploads\/2024\/02\/5-1-1024x1024.jpeg\" alt=\"\" class=\"wp-image-12940\" srcset=\"https:\/\/fecovi.coop\/web\/wp-content\/uploads\/2024\/02\/5-1-1024x1024.jpeg 1024w, https:\/\/fecovi.coop\/web\/wp-content\/uploads\/2024\/02\/5-1-300x300.jpeg 300w, https:\/\/fecovi.coop\/web\/wp-content\/uploads\/2024\/02\/5-1-150x150.jpeg 150w, https:\/\/fecovi.coop\/web\/wp-content\/uploads\/2024\/02\/5-1-768x768.jpeg 768w, https:\/\/fecovi.coop\/web\/wp-content\/uploads\/2024\/02\/5-1.jpeg 1080w\" sizes=\"auto, (max-width: 1024px) 100vw, 1024px\" \/><\/figure>\n<\/div>\n\n<div class=\"wp-block-image\">\n<figure class=\"aligncenter size-full\"><img loading=\"lazy\" decoding=\"async\" width=\"900\" height=\"900\" src=\"https:\/\/fecovi.coop\/web\/wp-content\/uploads\/2024\/02\/4.jpeg\" alt=\"\" class=\"wp-image-12935\" srcset=\"https:\/\/fecovi.coop\/web\/wp-content\/uploads\/2024\/02\/4.jpeg 900w, https:\/\/fecovi.coop\/web\/wp-content\/uploads\/2024\/02\/4-300x300.jpeg 300w, https:\/\/fecovi.coop\/web\/wp-content\/uploads\/2024\/02\/4-150x150.jpeg 150w, https:\/\/fecovi.coop\/web\/wp-content\/uploads\/2024\/02\/4-768x768.jpeg 768w\" sizes=\"auto, (max-width: 900px) 100vw, 900px\" \/><\/figure>\n<\/div>","protected":false},"excerpt":{"rendered":"<p>FECOVI convoca a mujeres de todas las cooperativas federadas a participar del ciclo \u00abRonda de Mujeres\u00bb, el cual apunta a constituirse en un espacio de encuentro para dialogar sobre distintas &#8230;<\/p>\n","protected":false},"author":1,"featured_media":12939,"comment_status":"closed","ping_status":"closed","sticky":false,"template":"","format":"standard","meta":{"footnotes":""},"categories":[2],"tags":[],"class_list":["post-12934","post","type-post","status-publish","format-standard","has-post-thumbnail","hentry","category-noticias"],"_links":{"self":[{"href":"https:\/\/fecovi.coop\/web\/wp-json\/wp\/v2\/posts\/12934","targetHints":{"allow":["GET"]}}],"collection":[{"href":"https:\/\/fecovi.coop\/web\/wp-json\/wp\/v2\/posts"}],"about":[{"href":"https:\/\/fecovi.coop\/web\/wp-json\/wp\/v2\/types\/post"}],"author":[{"embeddable":true,"href":"https:\/\/fecovi.coop\/web\/wp-json\/wp\/v2\/users\/1"}],"replies":[{"embeddable":true,"href":"https:\/\/fecovi.coop\/web\/wp-json\/wp\/v2\/comments?post=12934"}],"version-history":[{"count":6,"href":"https:\/\/fecovi.coop\/web\/wp-json\/wp\/v2\/posts\/12934\/revisions"}],"predecessor-version":[{"id":12946,"href":"https:\/\/fecovi.coop\/web\/wp-json\/wp\/v2\/posts\/12934\/revisions\/12946"}],"wp:featuredmedia":[{"embeddable":true,"href":"https:\/\/fecovi.coop\/web\/wp-json\/wp\/v2\/media\/12939"}],"wp:attachment":[{"href":"https:\/\/fecovi.coop\/web\/wp-json\/wp\/v2\/media?parent=12934"}],"wp:term":[{"taxonomy":"category","embeddable":true,"href":"https:\/\/fecovi.coop\/web\/wp-json\/wp\/v2\/categories?post=12934"},{"taxonomy":"post_tag","embeddable":true,"href":"https:\/\/fecovi.coop\/web\/wp-json\/wp\/v2\/tags?post=12934"}],"curies":[{"name":"wp","href":"https:\/\/api.w.org\/{rel}","templated":true}]}}