{"id":12697,"date":"2023-12-21T14:04:11","date_gmt":"2023-12-21T14:04:11","guid":{"rendered":"https:\/\/fecovi.coop\/web\/?p=12697"},"modified":"2023-12-21T14:04:12","modified_gmt":"2023-12-21T14:04:12","slug":"fecovi-suscribio-un-nuevo-convenio-de-tierras-con-la-im","status":"publish","type":"post","link":"https:\/\/fecovi.coop\/web\/fecovi-suscribio-un-nuevo-convenio-de-tierras-con-la-im\/","title":{"rendered":"FECOVI suscribi\u00f3 un nuevo convenio de tierras con la IM\u00a0"},"content":{"rendered":"\n[Best_Wordpress_Gallery id=\u00bb73&#8243; gal_title=\u00bbIMM\u00bb]\n\n\n\n<p>A 25 a\u00f1os del primer convenio de tierras, la Intendencia de Montevideo y la Federaci\u00f3n de Cooperativas de Vivienda de Usuarios por Ahorro Previo (FECOVI), sellaron este mi\u00e9rcoles un nuevo acuerdo marco para la adjudicaci\u00f3n de un terreno ubicado en la esquina de Juncal y Cerrito (Ciudad Vieja). El mismo ser\u00e1 destinado a FUNAC, una cooperativa de 28 trabajadores y trabajadoras de COTRANS, fundada recientemente.&nbsp;<\/p>\n\n\n\n<p>La ceremonia fue encabezada&nbsp;por la intendenta, Ing. Carolina Cosse, el director de Tierras y H\u00e1bitat de la IM, Ec. Sebasti\u00e1n Moreno y la presidenta y secretario general de FECOVI, Dra. Mariana Galv\u00e1n y Luis Llorca.&nbsp;<\/p>\n\n\n\n<p>En la apertura de la ceremonia, Mariana Galv\u00e1n habl\u00f3 del compromiso que tiene la comuna capitalina con el movimiento cooperativo, y tambi\u00e9n reconoci\u00f3 a COTRANS y FUNAC por apostar a la construcci\u00f3n de viviendas bajo la modalidad de Ahorro Previo.<\/p>\n\n\n\n<p>La intendenta Cosse, por su parte, record\u00f3 el legado del ex presidente de la Rep\u00fablica y ex intendente de Montevideo, Dr. Tabar\u00e9 V\u00e1zquez: \u00ablas&nbsp;buenas cosas no empiezan con uno, sino que empiezan antes porque esta pol\u00edtica de tierras que inaugur\u00f3 Tabar\u00e9 y despu\u00e9s la Intendencia la ha mantenido a lo largo de los a\u00f1os, es uno de los aciertos mayores que Montevideo ha tenido y&nbsp;seguramente deber\u00eda existir un Foroso (Fondo Rotatorio Solidario) a nivel nacional, porque creo que es una experiencia de ganar-ganar por donde se la mire\u00bb.<\/p>\n\n\n\n<p>Al cierre de la ceremonia, las autoridades descubrieron una&nbsp;foto que&nbsp;muestra al ex Arq. Mariano Arana firmando el primer convenio de tierras con los directivos de FECOVI, en el a\u00f1o 1998. Seguidamente, entregaron un reconocimiento a cada una de las 50 cooperativas que accedieron a su terreno por medio de la Cartera de Tierra.<\/p>\n","protected":false},"excerpt":{"rendered":"<p>A 25 a\u00f1os del primer convenio de tierras, la Intendencia de Montevideo y la Federaci\u00f3n de Cooperativas de Vivienda de Usuarios por Ahorro Previo (FECOVI), sellaron este mi\u00e9rcoles un nuevo &#8230;<\/p>\n","protected":false},"author":1,"featured_media":12699,"comment_status":"closed","ping_status":"closed","sticky":false,"template":"","format":"standard","meta":{"footnotes":""},"categories":[2],"tags":[],"class_list":["post-12697","post","type-post","status-publish","format-standard","has-post-thumbnail","hentry","category-noticias"],"_links":{"self":[{"href":"https:\/\/fecovi.coop\/web\/wp-json\/wp\/v2\/posts\/12697","targetHints":{"allow":["GET"]}}],"collection":[{"href":"https:\/\/fecovi.coop\/web\/wp-json\/wp\/v2\/posts"}],"about":[{"href":"https:\/\/fecovi.coop\/web\/wp-json\/wp\/v2\/types\/post"}],"author":[{"embeddable":true,"href":"https:\/\/fecovi.coop\/web\/wp-json\/wp\/v2\/users\/1"}],"replies":[{"embeddable":true,"href":"https:\/\/fecovi.coop\/web\/wp-json\/wp\/v2\/comments?post=12697"}],"version-history":[{"count":1,"href":"https:\/\/fecovi.coop\/web\/wp-json\/wp\/v2\/posts\/12697\/revisions"}],"predecessor-version":[{"id":12700,"href":"https:\/\/fecovi.coop\/web\/wp-json\/wp\/v2\/posts\/12697\/revisions\/12700"}],"wp:featuredmedia":[{"embeddable":true,"href":"https:\/\/fecovi.coop\/web\/wp-json\/wp\/v2\/media\/12699"}],"wp:attachment":[{"href":"https:\/\/fecovi.coop\/web\/wp-json\/wp\/v2\/media?parent=12697"}],"wp:term":[{"taxonomy":"category","embeddable":true,"href":"https:\/\/fecovi.coop\/web\/wp-json\/wp\/v2\/categories?post=12697"},{"taxonomy":"post_tag","embeddable":true,"href":"https:\/\/fecovi.coop\/web\/wp-json\/wp\/v2\/tags?post=12697"}],"curies":[{"name":"wp","href":"https:\/\/api.w.org\/{rel}","templated":true}]}}