{"id":12677,"date":"2023-12-13T12:33:51","date_gmt":"2023-12-13T12:33:51","guid":{"rendered":"https:\/\/fecovi.coop\/web\/?p=12677"},"modified":"2023-12-13T12:33:52","modified_gmt":"2023-12-13T12:33:52","slug":"invitacion-a-la-firma-de-un-nuevo-convenio-de-tierras-im-fecovi","status":"publish","type":"post","link":"https:\/\/fecovi.coop\/web\/invitacion-a-la-firma-de-un-nuevo-convenio-de-tierras-im-fecovi\/","title":{"rendered":"Invitaci\u00f3n a la firma de un nuevo Convenio de Tierras IM-FECOVI\u00a0"},"content":{"rendered":"\n<p>Hace 25 a\u00f1os FECOVI suscribi\u00f3 por primera vez un convenio marco de tierras&nbsp;con la Intendencia de Montevideo. Esa pol\u00edtica p\u00fablica, que se mantuvo en el tiempo, permiti\u00f3 que muchas cooperativas sean hoy una realidad.&nbsp;<strong>En esta oportunidad, les estamos invitando especialmente al acto de suscripci\u00f3n de un nuevo convenio entre FECOVI y la Intendencia de Montevideo.<\/strong><\/p>\n\n\n\n<p>Contaremos con la participaci\u00f3n de la&nbsp;<strong>Intendenta de Montevideo,<\/strong><strong>la Inga. Carolina Cosse,<\/strong>&nbsp;y&nbsp;descubriremos una foto del ex Intendente, Arq. Mariano Arana, firmando el primer convenio.&nbsp;Tambi\u00e9n&nbsp;entregaremos un reconocimiento a cada cooperativa que accedi\u00f3 a su terreno por medio de la cartera de tierras.<br>Para FECOVI es una instancia de celebraci\u00f3n importante que queremos festejar con ustedes.&nbsp;<\/p>\n\n\n\n<p>Esperamos contar con su presencia.<\/p>\n\n\n<div class=\"wp-block-image\">\n<figure class=\"aligncenter size-full\"><img loading=\"lazy\" decoding=\"async\" width=\"800\" height=\"800\" src=\"https:\/\/fecovi.coop\/web\/wp-content\/uploads\/2023\/12\/Firma-convenio-IM-FECOVI.jpg\" alt=\"\" class=\"wp-image-12678\" srcset=\"https:\/\/fecovi.coop\/web\/wp-content\/uploads\/2023\/12\/Firma-convenio-IM-FECOVI.jpg 800w, https:\/\/fecovi.coop\/web\/wp-content\/uploads\/2023\/12\/Firma-convenio-IM-FECOVI-300x300.jpg 300w, https:\/\/fecovi.coop\/web\/wp-content\/uploads\/2023\/12\/Firma-convenio-IM-FECOVI-150x150.jpg 150w, https:\/\/fecovi.coop\/web\/wp-content\/uploads\/2023\/12\/Firma-convenio-IM-FECOVI-768x768.jpg 768w\" sizes=\"auto, (max-width: 800px) 100vw, 800px\" \/><\/figure>\n<\/div>","protected":false},"excerpt":{"rendered":"<p>Hace 25 a\u00f1os FECOVI suscribi\u00f3 por primera vez un convenio marco de tierras&nbsp;con la Intendencia de Montevideo. Esa pol\u00edtica p\u00fablica, que se mantuvo en el tiempo, permiti\u00f3 que muchas cooperativas &#8230;<\/p>\n","protected":false},"author":1,"featured_media":12678,"comment_status":"closed","ping_status":"closed","sticky":false,"template":"","format":"standard","meta":{"footnotes":""},"categories":[2],"tags":[],"class_list":["post-12677","post","type-post","status-publish","format-standard","has-post-thumbnail","hentry","category-noticias"],"_links":{"self":[{"href":"https:\/\/fecovi.coop\/web\/wp-json\/wp\/v2\/posts\/12677","targetHints":{"allow":["GET"]}}],"collection":[{"href":"https:\/\/fecovi.coop\/web\/wp-json\/wp\/v2\/posts"}],"about":[{"href":"https:\/\/fecovi.coop\/web\/wp-json\/wp\/v2\/types\/post"}],"author":[{"embeddable":true,"href":"https:\/\/fecovi.coop\/web\/wp-json\/wp\/v2\/users\/1"}],"replies":[{"embeddable":true,"href":"https:\/\/fecovi.coop\/web\/wp-json\/wp\/v2\/comments?post=12677"}],"version-history":[{"count":1,"href":"https:\/\/fecovi.coop\/web\/wp-json\/wp\/v2\/posts\/12677\/revisions"}],"predecessor-version":[{"id":12679,"href":"https:\/\/fecovi.coop\/web\/wp-json\/wp\/v2\/posts\/12677\/revisions\/12679"}],"wp:featuredmedia":[{"embeddable":true,"href":"https:\/\/fecovi.coop\/web\/wp-json\/wp\/v2\/media\/12678"}],"wp:attachment":[{"href":"https:\/\/fecovi.coop\/web\/wp-json\/wp\/v2\/media?parent=12677"}],"wp:term":[{"taxonomy":"category","embeddable":true,"href":"https:\/\/fecovi.coop\/web\/wp-json\/wp\/v2\/categories?post=12677"},{"taxonomy":"post_tag","embeddable":true,"href":"https:\/\/fecovi.coop\/web\/wp-json\/wp\/v2\/tags?post=12677"}],"curies":[{"name":"wp","href":"https:\/\/api.w.org\/{rel}","templated":true}]}}