{"id":12633,"date":"2023-11-28T13:27:40","date_gmt":"2023-11-28T13:27:40","guid":{"rendered":"https:\/\/fecovi.coop\/web\/?p=12633"},"modified":"2023-11-28T13:31:01","modified_gmt":"2023-11-28T13:31:01","slug":"fecovi-presente-en-la-xxiii-conferencia-regional-de-cooperativas-de-las-americas","status":"publish","type":"post","link":"https:\/\/fecovi.coop\/web\/fecovi-presente-en-la-xxiii-conferencia-regional-de-cooperativas-de-las-americas\/","title":{"rendered":"FECOVI presente en la XXIII Conferencia Regional de Cooperativas de las Am\u00e9ricas"},"content":{"rendered":"\n<figure class=\"wp-block-image size-full\"><img loading=\"lazy\" decoding=\"async\" width=\"697\" height=\"344\" src=\"https:\/\/fecovi.coop\/web\/wp-content\/uploads\/2023\/11\/a.gif\" alt=\"\" class=\"wp-image-12634\"\/><\/figure>\n\n\n\n<p>L\u00edderes y lideresas del cooperativismo de la regi\u00f3n se dar\u00e1n cita este mi\u00e9rcoles 29 y jueves 30 de noviembre en Comayagua, Honduras, para dar apertura a la \u00abXXIII Conferencia Regional EconoM\u00eda: perspectivas econ\u00f3micas, sociales y ambientales para el cooperativismo del futuro en las Am\u00e9ricas\u00bb.<\/p>\n\n\n\n<p>La representaci\u00f3n de FECOVI en el encuentro estar\u00e1 a cargo del secretario general Luis Llorca, quien expondr\u00e1, ante actores y delegados del cooperativismo del continente, actores p\u00fablicos y referentes de organizaciones intergubernamentales, la experiencia uruguaya de construcci\u00f3n de viviendas cooperativas a trav\u00e9s del modelo de Ahorro Previo.<\/p>\n\n\n\n<p>Para las autoridades de Cooperativas de las Am\u00e9ricas, uno de los principales desaf\u00edos del encuentro apunta a \u00abgenerar un ecosistema de trabajo conjunto para el desarrollo sostenible, pero con un denominador com\u00fan: que la riqueza que se produzca, se redistribuya y quede en el territorio\u00bb.<\/p>\n\n\n\n<p>El evento es h\u00edbrido y podr\u00e1 seguirse de manera virtual desde el portal: <a href=\"http:\/\/www.aciamericas.coop\" target=\"_blank\" rel=\"noreferrer noopener\">www.aciamericas.coop<\/a><\/p>\n\n\n\n<p><\/p>\n","protected":false},"excerpt":{"rendered":"<p>L\u00edderes y lideresas del cooperativismo de la regi\u00f3n se dar\u00e1n cita este mi\u00e9rcoles 29 y jueves 30 de noviembre en Comayagua, Honduras, para dar apertura a la \u00abXXIII Conferencia Regional &#8230;<\/p>\n","protected":false},"author":1,"featured_media":12634,"comment_status":"closed","ping_status":"closed","sticky":false,"template":"","format":"standard","meta":{"footnotes":""},"categories":[2],"tags":[],"class_list":["post-12633","post","type-post","status-publish","format-standard","has-post-thumbnail","hentry","category-noticias"],"_links":{"self":[{"href":"https:\/\/fecovi.coop\/web\/wp-json\/wp\/v2\/posts\/12633","targetHints":{"allow":["GET"]}}],"collection":[{"href":"https:\/\/fecovi.coop\/web\/wp-json\/wp\/v2\/posts"}],"about":[{"href":"https:\/\/fecovi.coop\/web\/wp-json\/wp\/v2\/types\/post"}],"author":[{"embeddable":true,"href":"https:\/\/fecovi.coop\/web\/wp-json\/wp\/v2\/users\/1"}],"replies":[{"embeddable":true,"href":"https:\/\/fecovi.coop\/web\/wp-json\/wp\/v2\/comments?post=12633"}],"version-history":[{"count":2,"href":"https:\/\/fecovi.coop\/web\/wp-json\/wp\/v2\/posts\/12633\/revisions"}],"predecessor-version":[{"id":12637,"href":"https:\/\/fecovi.coop\/web\/wp-json\/wp\/v2\/posts\/12633\/revisions\/12637"}],"wp:featuredmedia":[{"embeddable":true,"href":"https:\/\/fecovi.coop\/web\/wp-json\/wp\/v2\/media\/12634"}],"wp:attachment":[{"href":"https:\/\/fecovi.coop\/web\/wp-json\/wp\/v2\/media?parent=12633"}],"wp:term":[{"taxonomy":"category","embeddable":true,"href":"https:\/\/fecovi.coop\/web\/wp-json\/wp\/v2\/categories?post=12633"},{"taxonomy":"post_tag","embeddable":true,"href":"https:\/\/fecovi.coop\/web\/wp-json\/wp\/v2\/tags?post=12633"}],"curies":[{"name":"wp","href":"https:\/\/api.w.org\/{rel}","templated":true}]}}