{"id":10154,"date":"2023-03-29T12:49:10","date_gmt":"2023-03-29T12:49:10","guid":{"rendered":"https:\/\/fecovi.coop\/web\/?p=10154"},"modified":"2023-03-29T12:50:31","modified_gmt":"2023-03-29T12:50:31","slug":"cooperativistas-de-fecovi-inician-movilizaciones-en-contra-de-la-reforma-jubilatoria","status":"publish","type":"post","link":"https:\/\/fecovi.coop\/web\/cooperativistas-de-fecovi-inician-movilizaciones-en-contra-de-la-reforma-jubilatoria\/","title":{"rendered":"Cooperativistas de FECOVI contin\u00faan con las movilizaciones en contra de la Reforma Jubilatoria\u00a0"},"content":{"rendered":"\n[Best_Wordpress_Gallery id=\u00bb51&#8243; gal_title=\u00bbmovilizaciones 03&#8243;]\n\n\n\n<p>En el marco de la plataforma&nbsp;&nbsp;<strong>#NO A LA REFORMA JUBILATORIA#, <\/strong>cooperativistas de FECOVI se convocaron en la sede central de la Federaci\u00f3n para redactar proclamas y pintar y colgar pasacalles. La Comisi\u00f3n de Movilizaci\u00f3n prepara un calendario de actividades en contra del proyecto, bajo la consigna de \u00abm\u00e1s solidaridad, menos individualismo\u00bb.&nbsp;<\/p>\n","protected":false},"excerpt":{"rendered":"<p>En el marco de la plataforma&nbsp;&nbsp;#NO A LA REFORMA JUBILATORIA#, cooperativistas de FECOVI se convocaron en la sede central de la Federaci\u00f3n para redactar proclamas y pintar y colgar pasacalles. &#8230;<\/p>\n","protected":false},"author":1,"featured_media":10156,"comment_status":"closed","ping_status":"closed","sticky":false,"template":"","format":"standard","meta":{"footnotes":""},"categories":[2],"tags":[],"class_list":["post-10154","post","type-post","status-publish","format-standard","has-post-thumbnail","hentry","category-noticias"],"_links":{"self":[{"href":"https:\/\/fecovi.coop\/web\/wp-json\/wp\/v2\/posts\/10154","targetHints":{"allow":["GET"]}}],"collection":[{"href":"https:\/\/fecovi.coop\/web\/wp-json\/wp\/v2\/posts"}],"about":[{"href":"https:\/\/fecovi.coop\/web\/wp-json\/wp\/v2\/types\/post"}],"author":[{"embeddable":true,"href":"https:\/\/fecovi.coop\/web\/wp-json\/wp\/v2\/users\/1"}],"replies":[{"embeddable":true,"href":"https:\/\/fecovi.coop\/web\/wp-json\/wp\/v2\/comments?post=10154"}],"version-history":[{"count":3,"href":"https:\/\/fecovi.coop\/web\/wp-json\/wp\/v2\/posts\/10154\/revisions"}],"predecessor-version":[{"id":10159,"href":"https:\/\/fecovi.coop\/web\/wp-json\/wp\/v2\/posts\/10154\/revisions\/10159"}],"wp:featuredmedia":[{"embeddable":true,"href":"https:\/\/fecovi.coop\/web\/wp-json\/wp\/v2\/media\/10156"}],"wp:attachment":[{"href":"https:\/\/fecovi.coop\/web\/wp-json\/wp\/v2\/media?parent=10154"}],"wp:term":[{"taxonomy":"category","embeddable":true,"href":"https:\/\/fecovi.coop\/web\/wp-json\/wp\/v2\/categories?post=10154"},{"taxonomy":"post_tag","embeddable":true,"href":"https:\/\/fecovi.coop\/web\/wp-json\/wp\/v2\/tags?post=10154"}],"curies":[{"name":"wp","href":"https:\/\/api.w.org\/{rel}","templated":true}]}}