{"id":10130,"date":"2023-03-25T15:03:30","date_gmt":"2023-03-25T15:03:30","guid":{"rendered":"https:\/\/fecovi.coop\/web\/?p=10130"},"modified":"2023-03-25T15:03:31","modified_gmt":"2023-03-25T15:03:31","slug":"conversatorio-sobre-reforma-de-la-seguridad-social-con-perspectiva-de-genero","status":"publish","type":"post","link":"https:\/\/fecovi.coop\/web\/conversatorio-sobre-reforma-de-la-seguridad-social-con-perspectiva-de-genero\/","title":{"rendered":"Conversatorio sobre Reforma de la Seguridad Social con perspectiva de G\u00e9nero"},"content":{"rendered":"<div class=\"wp-block-image\">\n<figure class=\"aligncenter size-large\"><img loading=\"lazy\" decoding=\"async\" width=\"726\" height=\"1024\" src=\"https:\/\/fecovi.coop\/web\/wp-content\/uploads\/2023\/03\/Afiche-Conversatorio--726x1024.gif\" alt=\"\" class=\"wp-image-10131\" srcset=\"https:\/\/fecovi.coop\/web\/wp-content\/uploads\/2023\/03\/Afiche-Conversatorio--726x1024.gif 726w, https:\/\/fecovi.coop\/web\/wp-content\/uploads\/2023\/03\/Afiche-Conversatorio--213x300.gif 213w, https:\/\/fecovi.coop\/web\/wp-content\/uploads\/2023\/03\/Afiche-Conversatorio--768x1083.gif 768w\" sizes=\"auto, (max-width: 726px) 100vw, 726px\" \/><\/figure>\n<\/div>\n\n\n<p>En el marco del Mes de las Mujeres, CEFIC y la Comisi\u00f3n de G\u00e9nero de FECOVI les invitamos a participar del Conversatorio sobre la Reforma de la Seguridad Social.<\/p>\n\n\n\n<p>Nos acompa\u00f1an las siguientes panelistas:<\/p>\n\n\n\n<ul class=\"wp-block-list\">\n<li>Secretaria General del Pit-Cnt &#8211; Maestra Elbia Pereira.<\/li>\n\n\n\n<li>Presidenta de la Asociaci\u00f3n de Trabajadores de la Seguridad Social &#8211; Karina Sosa<\/li>\n\n\n\n<li>Presidenta de ONAJPU &#8211; Estela Ovelar.<\/li>\n<\/ul>\n\n\n\n<h3 class=\"wp-block-heading\">\u00a1Les esperamos para conversar junt@s!<\/h3>\n\n\n\n<p>Cooperativismo y Equidad.<\/p>\n\n\n\n<p>Por la erradicaci\u00f3n de la violencia de g\u00e9nero y la construcci\u00f3n de espacios equitativos en nuestras cooperativas.<\/p>\n","protected":false},"excerpt":{"rendered":"<p>En el marco del Mes de las Mujeres, CEFIC y la Comisi\u00f3n de G\u00e9nero de FECOVI les invitamos a participar del Conversatorio sobre la Reforma de la Seguridad Social. Nos &#8230;<\/p>\n","protected":false},"author":1,"featured_media":10131,"comment_status":"closed","ping_status":"closed","sticky":false,"template":"","format":"standard","meta":{"footnotes":""},"categories":[2],"tags":[],"class_list":["post-10130","post","type-post","status-publish","format-standard","has-post-thumbnail","hentry","category-noticias"],"_links":{"self":[{"href":"https:\/\/fecovi.coop\/web\/wp-json\/wp\/v2\/posts\/10130","targetHints":{"allow":["GET"]}}],"collection":[{"href":"https:\/\/fecovi.coop\/web\/wp-json\/wp\/v2\/posts"}],"about":[{"href":"https:\/\/fecovi.coop\/web\/wp-json\/wp\/v2\/types\/post"}],"author":[{"embeddable":true,"href":"https:\/\/fecovi.coop\/web\/wp-json\/wp\/v2\/users\/1"}],"replies":[{"embeddable":true,"href":"https:\/\/fecovi.coop\/web\/wp-json\/wp\/v2\/comments?post=10130"}],"version-history":[{"count":1,"href":"https:\/\/fecovi.coop\/web\/wp-json\/wp\/v2\/posts\/10130\/revisions"}],"predecessor-version":[{"id":10132,"href":"https:\/\/fecovi.coop\/web\/wp-json\/wp\/v2\/posts\/10130\/revisions\/10132"}],"wp:featuredmedia":[{"embeddable":true,"href":"https:\/\/fecovi.coop\/web\/wp-json\/wp\/v2\/media\/10131"}],"wp:attachment":[{"href":"https:\/\/fecovi.coop\/web\/wp-json\/wp\/v2\/media?parent=10130"}],"wp:term":[{"taxonomy":"category","embeddable":true,"href":"https:\/\/fecovi.coop\/web\/wp-json\/wp\/v2\/categories?post=10130"},{"taxonomy":"post_tag","embeddable":true,"href":"https:\/\/fecovi.coop\/web\/wp-json\/wp\/v2\/tags?post=10130"}],"curies":[{"name":"wp","href":"https:\/\/api.w.org\/{rel}","templated":true}]}}