{"id":10100,"date":"2023-03-21T01:59:30","date_gmt":"2023-03-21T01:59:30","guid":{"rendered":"https:\/\/fecovi.coop\/web\/?p=10100"},"modified":"2023-03-22T13:01:41","modified_gmt":"2023-03-22T13:01:41","slug":"resolucion-del-consejo-directivo","status":"publish","type":"post","link":"https:\/\/fecovi.coop\/web\/resolucion-del-consejo-directivo\/","title":{"rendered":"RESOLUCI\u00d3N DEL CONSEJO DIRECTIVO"},"content":{"rendered":"\n<p><\/p>\n\n\n\n<p class=\"has-text-align-right\">Montevideo, 20 de marzo de 2023<\/p>\n\n\n\n<p>Visto: la necesidad de adoptar posici\u00f3n sobre la reforma jubilatoria y la propuesta de la intersocial para participar de la carpa informativa instalada en las afueras del Palacio Legislativo para informar y manifestar la posici\u00f3n contraria a la misma.<\/p>\n\n\n\n<p>Considerando: I) que los informes que dispone el Consejo Directivo son concluyentes sobre lo negativo del esp\u00edritu general de la Reforma, sin perjuicio de que puedan existir disposiciones concretas cuyo alcance espec\u00edfico pueda valorarse positivamente. II) En resumen se sostiene que \u201clas consecuencias de esta reforma ser\u00e1n la disminuci\u00f3n en las jubilaciones futuras y la extensi\u00f3n de los a\u00f1os de vida laboral para poder acceder al derecho jubilatorio. Pero lo que es m\u00e1s grave a\u00fan, es que supone un avance ideol\u00f3gico del individualismo por sobre la posibilidad de pensar problemas de forma colectiva y buscar soluciones comunes. La estrategia<br>de la reforma es pasar la responsabilidad sobre el derecho a la seguridad econ\u00f3mica en la vejez desde el Estado (y en \u00faltima instancia la sociedad en su conjunto) al individuo (a trav\u00e9s del aumento del sistema AFAP y la creaci\u00f3n del pilar de ahorro).\u201d PROYECTO DE REFORMA DEL SISTEMA PROVISIONAL. COMUNA. OCTUBRE 2022. Pag. 8 www.cooperativacomuna.uy III)Que una reforma de estas caracter\u00edsticas requiere de acuerdos sociales, con participaci\u00f3n activa de la sociedad civil organizada, elementos que han estado ausentes. IV) Que FECOVI como organizaci\u00f3n gremial, parte del campo popular de nuestro pa\u00eds, puede tomar postura sobre este asunto, sin que ello afecte su neutralidad pol\u00edtico partidaria.<\/p>\n\n\n\n<p><strong>El Consejo Directivo Resuelve:<\/strong><\/p>\n\n\n\n<p>1) Manifestarse en forma contraria al proyecto de reforma jubilatoria.<br>2) Participar de la carpa informativa de la intersocial y convocar a la Comisi\u00f3n de Movilizaci\u00f3n para que tome el asunto y elabore otras propuestas para contribuir en este sentido.<br>3) Difundir la informaci\u00f3n disponible a trav\u00e9s de todos los medios propios.<br>4) Elaborar en base a los precitados informes un material de difusi\u00f3n masivo con los elementos claves m\u00e1s negativos de la reforma.<\/p>\n\n\n\n<p><\/p>\n\n\n\n<p class=\"has-text-align-center\">Aprobada por unanimidad.<br><strong>CONSEJO DIRECTIVO<\/strong><br>Sesi\u00f3n ordinaria del 13 de marzo de 2023.<\/p>\n","protected":false},"excerpt":{"rendered":"<p>Montevideo, 20 de marzo de 2023 Visto: la necesidad de adoptar posici\u00f3n sobre la reforma jubilatoria y la propuesta de la intersocial para participar de la carpa informativa instalada en &#8230;<\/p>\n","protected":false},"author":1,"featured_media":10118,"comment_status":"closed","ping_status":"closed","sticky":false,"template":"","format":"standard","meta":{"footnotes":""},"categories":[2],"tags":[],"class_list":["post-10100","post","type-post","status-publish","format-standard","has-post-thumbnail","hentry","category-noticias"],"_links":{"self":[{"href":"https:\/\/fecovi.coop\/web\/wp-json\/wp\/v2\/posts\/10100","targetHints":{"allow":["GET"]}}],"collection":[{"href":"https:\/\/fecovi.coop\/web\/wp-json\/wp\/v2\/posts"}],"about":[{"href":"https:\/\/fecovi.coop\/web\/wp-json\/wp\/v2\/types\/post"}],"author":[{"embeddable":true,"href":"https:\/\/fecovi.coop\/web\/wp-json\/wp\/v2\/users\/1"}],"replies":[{"embeddable":true,"href":"https:\/\/fecovi.coop\/web\/wp-json\/wp\/v2\/comments?post=10100"}],"version-history":[{"count":2,"href":"https:\/\/fecovi.coop\/web\/wp-json\/wp\/v2\/posts\/10100\/revisions"}],"predecessor-version":[{"id":10106,"href":"https:\/\/fecovi.coop\/web\/wp-json\/wp\/v2\/posts\/10100\/revisions\/10106"}],"wp:featuredmedia":[{"embeddable":true,"href":"https:\/\/fecovi.coop\/web\/wp-json\/wp\/v2\/media\/10118"}],"wp:attachment":[{"href":"https:\/\/fecovi.coop\/web\/wp-json\/wp\/v2\/media?parent=10100"}],"wp:term":[{"taxonomy":"category","embeddable":true,"href":"https:\/\/fecovi.coop\/web\/wp-json\/wp\/v2\/categories?post=10100"},{"taxonomy":"post_tag","embeddable":true,"href":"https:\/\/fecovi.coop\/web\/wp-json\/wp\/v2\/tags?post=10100"}],"curies":[{"name":"wp","href":"https:\/\/api.w.org\/{rel}","templated":true}]}}