{"id":10087,"date":"2023-03-17T19:10:11","date_gmt":"2023-03-17T19:10:11","guid":{"rendered":"https:\/\/fecovi.coop\/web\/?p=10087"},"modified":"2023-03-17T19:23:05","modified_gmt":"2023-03-17T19:23:05","slug":"fecovi-impulsa-charlas-informativas-para-la-conformacion-de-grupos-cooperativos","status":"publish","type":"post","link":"https:\/\/fecovi.coop\/web\/fecovi-impulsa-charlas-informativas-para-la-conformacion-de-grupos-cooperativos\/","title":{"rendered":"FECOVI impulsa charlas informativas para la conformaci\u00f3n de grupos cooperativos"},"content":{"rendered":"\n<figure class=\"wp-block-gallery has-nested-images columns-2 is-cropped wp-block-gallery-1 is-layout-flex wp-block-gallery-is-layout-flex\">\n<figure class=\"wp-block-image size-large\"><img loading=\"lazy\" decoding=\"async\" width=\"800\" height=\"534\" data-id=\"10090\" src=\"https:\/\/fecovi.coop\/web\/wp-content\/uploads\/2023\/03\/1-4.jpg\" alt=\"\" class=\"wp-image-10090\" srcset=\"https:\/\/fecovi.coop\/web\/wp-content\/uploads\/2023\/03\/1-4.jpg 800w, https:\/\/fecovi.coop\/web\/wp-content\/uploads\/2023\/03\/1-4-300x200.jpg 300w, https:\/\/fecovi.coop\/web\/wp-content\/uploads\/2023\/03\/1-4-768x513.jpg 768w, https:\/\/fecovi.coop\/web\/wp-content\/uploads\/2023\/03\/1-4-391x260.jpg 391w\" sizes=\"auto, (max-width: 800px) 100vw, 800px\" \/><\/figure>\n\n\n\n<figure class=\"wp-block-image size-large\"><img loading=\"lazy\" decoding=\"async\" width=\"800\" height=\"534\" data-id=\"10091\" src=\"https:\/\/fecovi.coop\/web\/wp-content\/uploads\/2023\/03\/2-2.jpg\" alt=\"\" class=\"wp-image-10091\" srcset=\"https:\/\/fecovi.coop\/web\/wp-content\/uploads\/2023\/03\/2-2.jpg 800w, https:\/\/fecovi.coop\/web\/wp-content\/uploads\/2023\/03\/2-2-300x200.jpg 300w, https:\/\/fecovi.coop\/web\/wp-content\/uploads\/2023\/03\/2-2-768x513.jpg 768w, https:\/\/fecovi.coop\/web\/wp-content\/uploads\/2023\/03\/2-2-391x260.jpg 391w\" sizes=\"auto, (max-width: 800px) 100vw, 800px\" \/><\/figure>\n\n\n\n<figure class=\"wp-block-image size-large\"><img loading=\"lazy\" decoding=\"async\" width=\"800\" height=\"534\" data-id=\"10088\" src=\"https:\/\/fecovi.coop\/web\/wp-content\/uploads\/2023\/03\/3-1.jpg\" alt=\"\" class=\"wp-image-10088\" srcset=\"https:\/\/fecovi.coop\/web\/wp-content\/uploads\/2023\/03\/3-1.jpg 800w, https:\/\/fecovi.coop\/web\/wp-content\/uploads\/2023\/03\/3-1-300x200.jpg 300w, https:\/\/fecovi.coop\/web\/wp-content\/uploads\/2023\/03\/3-1-768x513.jpg 768w, https:\/\/fecovi.coop\/web\/wp-content\/uploads\/2023\/03\/3-1-391x260.jpg 391w\" sizes=\"auto, (max-width: 800px) 100vw, 800px\" \/><\/figure>\n<\/figure>\n\n\n\n<p>Con una nutrida participaci\u00f3n de vecinos\/as se desarroll\u00f3 este jueves la primera charla informativa para la formaci\u00f3n de grupos cooperativos organizada por FECOVI, que cont\u00f3 con el apoyo del Municipio C.<\/p>\n\n\n\n<p>El encuentro tuvo lugar en el Polo Log\u00edstico del Municipio C, situado en la Avenida Bulevar Artigas y Colorado.<\/p>\n\n\n\n<p>En la reuni\u00f3n, el vicepresidente de FECOVI Hugo Monta\u00f1o y las integrantes del equipo Social, Lics. T.S. Elvira Gonz\u00e1lez y Soledad Cuadrado presentaron la propuesta de la Federaci\u00f3n para la formaci\u00f3n de cooperativas de vivienda de Usuario por Ahorro Previo, as\u00ed como tambi\u00e9n el proyecto cooperativo \u00abAntel Arena\u00bb, que ya cuenta con terreno otorgado por la Intendencia de Montevideo.<\/p>\n","protected":false},"excerpt":{"rendered":"<p>Con una nutrida participaci\u00f3n de vecinos\/as se desarroll\u00f3 este jueves la primera charla informativa para la formaci\u00f3n de grupos cooperativos organizada por FECOVI, que cont\u00f3 con el apoyo del Municipio &#8230;<\/p>\n","protected":false},"author":1,"featured_media":10091,"comment_status":"closed","ping_status":"closed","sticky":false,"template":"","format":"standard","meta":{"footnotes":""},"categories":[2],"tags":[],"class_list":["post-10087","post","type-post","status-publish","format-standard","has-post-thumbnail","hentry","category-noticias"],"_links":{"self":[{"href":"https:\/\/fecovi.coop\/web\/wp-json\/wp\/v2\/posts\/10087","targetHints":{"allow":["GET"]}}],"collection":[{"href":"https:\/\/fecovi.coop\/web\/wp-json\/wp\/v2\/posts"}],"about":[{"href":"https:\/\/fecovi.coop\/web\/wp-json\/wp\/v2\/types\/post"}],"author":[{"embeddable":true,"href":"https:\/\/fecovi.coop\/web\/wp-json\/wp\/v2\/users\/1"}],"replies":[{"embeddable":true,"href":"https:\/\/fecovi.coop\/web\/wp-json\/wp\/v2\/comments?post=10087"}],"version-history":[{"count":3,"href":"https:\/\/fecovi.coop\/web\/wp-json\/wp\/v2\/posts\/10087\/revisions"}],"predecessor-version":[{"id":10094,"href":"https:\/\/fecovi.coop\/web\/wp-json\/wp\/v2\/posts\/10087\/revisions\/10094"}],"wp:featuredmedia":[{"embeddable":true,"href":"https:\/\/fecovi.coop\/web\/wp-json\/wp\/v2\/media\/10091"}],"wp:attachment":[{"href":"https:\/\/fecovi.coop\/web\/wp-json\/wp\/v2\/media?parent=10087"}],"wp:term":[{"taxonomy":"category","embeddable":true,"href":"https:\/\/fecovi.coop\/web\/wp-json\/wp\/v2\/categories?post=10087"},{"taxonomy":"post_tag","embeddable":true,"href":"https:\/\/fecovi.coop\/web\/wp-json\/wp\/v2\/tags?post=10087"}],"curies":[{"name":"wp","href":"https:\/\/api.w.org\/{rel}","templated":true}]}}