{"id":10070,"date":"2023-03-17T12:41:39","date_gmt":"2023-03-17T12:41:39","guid":{"rendered":"https:\/\/fecovi.coop\/web\/?p=10070"},"modified":"2023-03-20T15:01:40","modified_gmt":"2023-03-20T15:01:40","slug":"cooperativa-raices-nuevas-inauguro-una-placa-en-memoria-de-alicia-nunez","status":"publish","type":"post","link":"https:\/\/fecovi.coop\/web\/cooperativa-raices-nuevas-inauguro-una-placa-en-memoria-de-alicia-nunez\/","title":{"rendered":"<strong>Cooperativa Ra\u00edces Nuevas inaugur\u00f3 una placa en memoria de Alicia N\u00fa\u00f1ez<\/strong>"},"content":{"rendered":"\n[Best_Wordpress_Gallery id=\u00bb49&#8243; gal_title=\u00bbAlicia\u00bb]\n\n\n\n<p class=\"has-text-align-right\"><\/p>\n\n\n\n<p><strong>Montevideo, 16 de marzo de 2023. <\/strong>Vecinos, familiares y autoridades de FECOVI coincidieron en la importancia de recordarla como <a>\u201cuna compa\u00f1era tenaz, carism\u00e1tica y profundamente solidaria\u201d <\/a>que impuls\u00f3 y acompa\u00f1\u00f3 la fundaci\u00f3n de Ra\u00edces Nuevas.<\/p>\n\n\n\n<p>Alicia amiga, Alicia madre, Alicia compa\u00f1era. As\u00ed la nombran, invariablemente, quienes trabajaron junto a ella para conformar Ra\u00edces Nuevas, una cooperativa afiliada a la Federaci\u00f3n de Cooperativas de Vivienda de Usuarios por Ahorro Previo (FECOVI).<\/p>\n\n\n\n<p>Este 14 de marzo, en el marco del Mes de las Mujeres y a instancias de la CEFIC local, familiares, cooperativistas y autoridades de FECOVI se congregaron para realizar un sentido homenaje a quien, en 2011 impuls\u00f3 la formaci\u00f3n del proyecto cooperativo.&nbsp;<\/p>\n\n\n\n<p>El fondo de Ra\u00edces Nuevas, con armoniosa iluminaci\u00f3n y rodeado de una incipiente y cuidada vegetaci\u00f3n nativa, fue el espacio elegido para llevar a cabo el homenaje. Ubicado en el centro, delante del parrillero y pr\u00f3ximo a un tobog\u00e1n de madera destinado al juego de ni\u00f1os y ni\u00f1as, un monitor de televisi\u00f3n proyecta -en blanco y negro- el rostro sonriente de la homenajeada. Quien no la conoci\u00f3 imagina que en ese rostro habit\u00f3 una mujer luminosa y que todav\u00eda hace falta. Los gestos de los hombres y mujeres presentes y las palabras de quienes compartieron p\u00fablicamente sus recuerdos y reflexiones corroboran r\u00e1pidamente este sentir. A casi dos a\u00f1os de su fallecimiento, la memoria de Alicia sigue intacta.<\/p>\n\n\n\n<p><strong>Pasado y presente de Ra\u00edces Nuevas<\/strong><\/p>\n\n\n\n<p>La cooperativa Ra\u00edces Nuevas se conform\u00f3 en setiembre de 2011, un a\u00f1o despu\u00e9s obtuvo la Personer\u00eda Jur\u00eddica y a mediados de 2017 comenz\u00f3 la obra. Actualmente est\u00e1 integrada por familias que habitan cuarenta viviendas: veintinueve de dos dormitorios, nueve de tres dormitorios y dos viviendas de cuatro dormitorios.<\/p>\n\n\n\n<p>Los vecinos poseen un archivo audiovisual -proyectado durante el homenaje- que recoge recuerdos evocados por Alicia de ese proceso. All\u00ed cuenta que el proyecto \u201cse form\u00f3 de una manera distinta a la gran mayor\u00eda [porque] primero apareci\u00f3 el terreno y despu\u00e9s se form\u00f3 el grupo\u201d.<\/p>\n\n\n\n<p>\u201cFECOVI ten\u00eda dos terrenos para asignar en custodia y estaba convocando a las cooperativas a participar de una reuni\u00f3n informativa. Decidimos presentarnos y fuimos a la sede [que en ese momento funcionaba] en 18 de Julio y Julio Herrera y Obes. El primer terreno que presentaron ya estaba casi asignado, porque otra de las cooperativas reun\u00eda las condiciones solicitadas. El segundo era \u00e9ste, en la calle Mercedes 1643\u201d, relata.<\/p>\n\n\n\n<p>Destaca a continuaci\u00f3n una particularidad: \u201clas cooperativas convocadas ten\u00edan trayectoria, contaban con una formaci\u00f3n desde hac\u00eda m\u00e1s tiempo. Cuando preguntaron qui\u00e9nes quer\u00edan el terreno de Mercedes, yo levant\u00e9 la mano desesperada, pero para mi sorpresa a nadie m\u00e1s le interes\u00f3\u201d.<\/p>\n\n\n\n<p>\u201cNos explicaron los detalles de organizaci\u00f3n y formaci\u00f3n, nos hablaron sobre la cantidad de n\u00facleos, en fin\u2026Tambi\u00e9n nos confirmaron que para que el terreno fuera viable, ten\u00edamos que ser cuarenta n\u00facleos. \u00a1Pero nosotros \u00e9ramos s\u00f3lo tres! En ese momento pens\u00e9: \u00b4esto no puede estar pasando\u00b4, dud\u00e9 un poco, pero respond\u00ed que s\u00ed. A los pocos d\u00edas tuve un quebranto grav\u00edsimo de salud e ingres\u00e9 al CTI. Cuando sal\u00ed, a escondidas de todo el mundo mand\u00e9 un mail a FECOVI confirmando que quer\u00edamos el terreno. Yo hab\u00eda dejado mi n\u00famero en la Federaci\u00f3n [para consultas de posibles interesados]. Cuando tuve acceso a mi tel\u00e9fono, vi que estaba lleno de llamadas perdidas, entre ellas las de Cristina [Panaro] y Cecilia San Mart\u00edn\u201d. As\u00ed narra Alicia el comienzo del proyecto, que finalmente se inaugur\u00f3 en diciembre de 2020, cinco meses antes de su fallecimiento, ocasionado a ra\u00edz de un edema pulmonar agudo.<\/p>\n\n\n\n<p><strong>\u201cHacen falta m\u00e1s mujeres cooperativistas como Alicia N\u00fa\u00f1ez\u201d<\/strong><\/p>\n\n\n\n<p>\u201cCon Alicia tengo todos los recuerdos. Desde no saber en qu\u00e9 consist\u00eda el cooperativismo hasta participar directamente en la gesti\u00f3n de la cooperativa. Compartimos el d\u00eda a d\u00eda durante a\u00f1os\u201d, dijo Cristina Panaro en la apertura del homenaje, quien tambi\u00e9n la record\u00f3 como \u201cuna amiga y compa\u00f1era tenaz, carism\u00e1tica y profundamente solidaria\u201d.<\/p>\n\n\n\n<p>La presidenta de FECOVI, doctora Mariana Galv\u00e1n, por su parte, reconoci\u00f3 el respeto y el trabajo conjunto y organizado de los y las cooperativistas de Ra\u00edces Nuevas para mantener viva la memoria de Alicia N\u00fa\u00f1ez.<\/p>\n\n\n\n<p>Seguidamente tom\u00f3 la palabra la presidenta de CEFIC, e integrante de la Comisi\u00f3n de G\u00e9nero de FECOVI, Alba \u00c1lvarez, para reflexionar sobre el legado de la homenajeada en los espacios de su cooperativa y de la Federaci\u00f3n. \u201cSe necesitan m\u00e1s mujeres cooperativistas como Alicia N\u00fa\u00f1ez y se necesitan m\u00e1s acciones como \u00e9stas en el movimiento cooperativo\u201d, expres\u00f3.<\/p>\n\n\n\n<p>A los mensajes de reconocimiento tambi\u00e9n se uni\u00f3 el arquitecto Gonzalo Guevara, integrante de ECO, el Instituto de Asistencia T\u00e9cnica (IAT) que brind\u00f3 asesoramiento a la cooperativa. En su opini\u00f3n, Alicia contribuy\u00f3 de forma notable en la construcci\u00f3n y profundizaci\u00f3n de los procesos comunitarios.&nbsp;<\/p>\n\n\n\n<p>Stefan\u00eda Dipetta, en representaci\u00f3n de la Comisi\u00f3n de G\u00e9nero de Ra\u00edces Nuevas, hizo referencia a sus principales fortalezas, entre ellas a su potencial natural para articular y a su protagonismo con capacidad colectiva.&nbsp;<\/p>\n\n\n\n<p>Paola Mansilla y Fernanda Sosa, resaltaron el apoyo y reciprocidad cotidiana y permanente, as\u00ed como los v\u00ednculos de confianza que mantuvieron con Alicia. \u201cAl inicio \u00e9ramos un pu\u00f1adito de compa\u00f1eros, dos o tres y yo pens\u00e9: \u00b4as\u00ed va a ser dif\u00edcil formar una cooperativa\u00b4. Pero el car\u00e1cter tan tenaz de ella dio sus frutos\u201d, dijo Paola, al tiempo que Fernanda record\u00f3 que \u201ccompart\u00edamos la conexi\u00f3n de ser madres solteras y de venir ambas de la rama de la Educaci\u00f3n. Apenas nos conocimos me asegur\u00f3 que me iba a ayudar. Y as\u00ed lo hizo, me ense\u00f1\u00f3 mucho sobre la organizaci\u00f3n cooperativa\u201d.<\/p>\n\n\n\n<p>Finalmente, Luis Llorca, secretario general de FECOVI y vecino de Ra\u00edces Nuevas, ofreci\u00f3 un sincero y profundo homenaje, resaltando el liderazgo, los valores y la calidad humana expresados por Alicia en todo el proceso.<\/p>\n\n\n\n<p>La ceremonia finaliz\u00f3 con la inauguraci\u00f3n de una placa recordatoria, ubicada en el port\u00f3n de entrada, sobre Mercedes, a pocos metros de Minas. En ella se lee: \u201cQue los desaf\u00edos nos encuentren unidos bajo los principios del cooperativismo, levantando la bandera de la solidaridad y la empat\u00eda. Compa\u00f1era Alicia N\u00fa\u00f1ez. 16\/10\/57 \u2013 27\/05\/21\u201d.<\/p>\n","protected":false},"excerpt":{"rendered":"<p>Montevideo, 16 de marzo de 2023. Vecinos, familiares y autoridades de FECOVI coincidieron en la importancia de recordarla como \u201cuna compa\u00f1era tenaz, carism\u00e1tica y profundamente solidaria\u201d que impuls\u00f3 y acompa\u00f1\u00f3 &#8230;<\/p>\n","protected":false},"author":1,"featured_media":10072,"comment_status":"closed","ping_status":"closed","sticky":false,"template":"","format":"standard","meta":{"footnotes":""},"categories":[2],"tags":[],"class_list":["post-10070","post","type-post","status-publish","format-standard","has-post-thumbnail","hentry","category-noticias"],"_links":{"self":[{"href":"https:\/\/fecovi.coop\/web\/wp-json\/wp\/v2\/posts\/10070","targetHints":{"allow":["GET"]}}],"collection":[{"href":"https:\/\/fecovi.coop\/web\/wp-json\/wp\/v2\/posts"}],"about":[{"href":"https:\/\/fecovi.coop\/web\/wp-json\/wp\/v2\/types\/post"}],"author":[{"embeddable":true,"href":"https:\/\/fecovi.coop\/web\/wp-json\/wp\/v2\/users\/1"}],"replies":[{"embeddable":true,"href":"https:\/\/fecovi.coop\/web\/wp-json\/wp\/v2\/comments?post=10070"}],"version-history":[{"count":3,"href":"https:\/\/fecovi.coop\/web\/wp-json\/wp\/v2\/posts\/10070\/revisions"}],"predecessor-version":[{"id":10099,"href":"https:\/\/fecovi.coop\/web\/wp-json\/wp\/v2\/posts\/10070\/revisions\/10099"}],"wp:featuredmedia":[{"embeddable":true,"href":"https:\/\/fecovi.coop\/web\/wp-json\/wp\/v2\/media\/10072"}],"wp:attachment":[{"href":"https:\/\/fecovi.coop\/web\/wp-json\/wp\/v2\/media?parent=10070"}],"wp:term":[{"taxonomy":"category","embeddable":true,"href":"https:\/\/fecovi.coop\/web\/wp-json\/wp\/v2\/categories?post=10070"},{"taxonomy":"post_tag","embeddable":true,"href":"https:\/\/fecovi.coop\/web\/wp-json\/wp\/v2\/tags?post=10070"}],"curies":[{"name":"wp","href":"https:\/\/api.w.org\/{rel}","templated":true}]}}