{"id":10062,"date":"2023-03-15T00:31:24","date_gmt":"2023-03-15T00:31:24","guid":{"rendered":"https:\/\/fecovi.coop\/web\/?p=10062"},"modified":"2023-03-16T12:54:20","modified_gmt":"2023-03-16T12:54:20","slug":"fecovi-inaugura-consejos-directivos-abiertos","status":"publish","type":"post","link":"https:\/\/fecovi.coop\/web\/fecovi-inaugura-consejos-directivos-abiertos\/","title":{"rendered":"<strong>Primer Consejo Directivo Abierto de FECOVI sesion\u00f3 en CoviTV\u00a01<\/strong>"},"content":{"rendered":"\n<figure class=\"wp-block-gallery has-nested-images columns-default is-cropped wp-block-gallery-1 is-layout-flex wp-block-gallery-is-layout-flex\">\n<figure class=\"wp-block-image size-large\"><img loading=\"lazy\" decoding=\"async\" width=\"800\" height=\"513\" data-id=\"10063\" src=\"https:\/\/fecovi.coop\/web\/wp-content\/uploads\/2023\/03\/1-3.jpg\" alt=\"\" class=\"wp-image-10063\" srcset=\"https:\/\/fecovi.coop\/web\/wp-content\/uploads\/2023\/03\/1-3.jpg 800w, https:\/\/fecovi.coop\/web\/wp-content\/uploads\/2023\/03\/1-3-300x192.jpg 300w, https:\/\/fecovi.coop\/web\/wp-content\/uploads\/2023\/03\/1-3-768x492.jpg 768w\" sizes=\"auto, (max-width: 800px) 100vw, 800px\" \/><\/figure>\n\n\n\n<figure class=\"wp-block-image size-large\"><img loading=\"lazy\" decoding=\"async\" width=\"800\" height=\"534\" data-id=\"10064\" src=\"https:\/\/fecovi.coop\/web\/wp-content\/uploads\/2023\/03\/2-1.jpg\" alt=\"\" class=\"wp-image-10064\" srcset=\"https:\/\/fecovi.coop\/web\/wp-content\/uploads\/2023\/03\/2-1.jpg 800w, https:\/\/fecovi.coop\/web\/wp-content\/uploads\/2023\/03\/2-1-300x200.jpg 300w, https:\/\/fecovi.coop\/web\/wp-content\/uploads\/2023\/03\/2-1-768x513.jpg 768w, https:\/\/fecovi.coop\/web\/wp-content\/uploads\/2023\/03\/2-1-391x260.jpg 391w\" sizes=\"auto, (max-width: 800px) 100vw, 800px\" \/><\/figure>\n<\/figure>\n\n\n\n<p>En el marco de la planificaci\u00f3n anual 2023 y con el objetivo de mejorar la comunicaci\u00f3n, la participaci\u00f3n y el di\u00e1logo con las cooperativas de base, FECOVI implement\u00f3 la modalidad de Consejos Directivos Abiertos.<\/p>\n\n\n\n<p>Ayer lunes se realiz\u00f3 el primero de ellos en la cooperativa CoviTV1, ubicada en Luis A. Surraco y Jaime Cibils.<\/p>\n\n\n\n<p>En la reuni\u00f3n, los delegados acercaron las inquietudes, iniciativas y propuestas de sus cooperativas para mejorar el funcionamiento de la Federaci\u00f3n y hacer posible nuestro lema de \u00abm\u00e1s y mejor cooperativismo\u00bb.<\/p>\n","protected":false},"excerpt":{"rendered":"<p>En el marco de la planificaci\u00f3n anual 2023 y con el objetivo de mejorar la comunicaci\u00f3n, la participaci\u00f3n y el di\u00e1logo con las cooperativas de base, FECOVI implement\u00f3 la modalidad &#8230;<\/p>\n","protected":false},"author":1,"featured_media":10063,"comment_status":"closed","ping_status":"closed","sticky":false,"template":"","format":"standard","meta":{"footnotes":""},"categories":[2],"tags":[],"class_list":["post-10062","post","type-post","status-publish","format-standard","has-post-thumbnail","hentry","category-noticias"],"_links":{"self":[{"href":"https:\/\/fecovi.coop\/web\/wp-json\/wp\/v2\/posts\/10062","targetHints":{"allow":["GET"]}}],"collection":[{"href":"https:\/\/fecovi.coop\/web\/wp-json\/wp\/v2\/posts"}],"about":[{"href":"https:\/\/fecovi.coop\/web\/wp-json\/wp\/v2\/types\/post"}],"author":[{"embeddable":true,"href":"https:\/\/fecovi.coop\/web\/wp-json\/wp\/v2\/users\/1"}],"replies":[{"embeddable":true,"href":"https:\/\/fecovi.coop\/web\/wp-json\/wp\/v2\/comments?post=10062"}],"version-history":[{"count":5,"href":"https:\/\/fecovi.coop\/web\/wp-json\/wp\/v2\/posts\/10062\/revisions"}],"predecessor-version":[{"id":10077,"href":"https:\/\/fecovi.coop\/web\/wp-json\/wp\/v2\/posts\/10062\/revisions\/10077"}],"wp:featuredmedia":[{"embeddable":true,"href":"https:\/\/fecovi.coop\/web\/wp-json\/wp\/v2\/media\/10063"}],"wp:attachment":[{"href":"https:\/\/fecovi.coop\/web\/wp-json\/wp\/v2\/media?parent=10062"}],"wp:term":[{"taxonomy":"category","embeddable":true,"href":"https:\/\/fecovi.coop\/web\/wp-json\/wp\/v2\/categories?post=10062"},{"taxonomy":"post_tag","embeddable":true,"href":"https:\/\/fecovi.coop\/web\/wp-json\/wp\/v2\/tags?post=10062"}],"curies":[{"name":"wp","href":"https:\/\/api.w.org\/{rel}","templated":true}]}}