{"id":10021,"date":"2023-03-09T22:30:47","date_gmt":"2023-03-09T22:30:47","guid":{"rendered":"https:\/\/fecovi.coop\/web\/?p=10021"},"modified":"2023-03-09T22:37:05","modified_gmt":"2023-03-09T22:37:05","slug":"homenaje-a-alicia-nunez","status":"publish","type":"post","link":"https:\/\/fecovi.coop\/web\/homenaje-a-alicia-nunez\/","title":{"rendered":"Homenaje a Alicia N\u00fa\u00f1ez"},"content":{"rendered":"<div class=\"wp-block-image\">\n<figure class=\"aligncenter size-large\"><img loading=\"lazy\" decoding=\"async\" width=\"724\" height=\"1024\" src=\"https:\/\/fecovi.coop\/web\/wp-content\/uploads\/2023\/03\/Convocatoria-14-de-marzo-724x1024.jpg\" alt=\"\" class=\"wp-image-10022\" srcset=\"https:\/\/fecovi.coop\/web\/wp-content\/uploads\/2023\/03\/Convocatoria-14-de-marzo-724x1024.jpg 724w, https:\/\/fecovi.coop\/web\/wp-content\/uploads\/2023\/03\/Convocatoria-14-de-marzo-212x300.jpg 212w, https:\/\/fecovi.coop\/web\/wp-content\/uploads\/2023\/03\/Convocatoria-14-de-marzo-768x1087.jpg 768w, https:\/\/fecovi.coop\/web\/wp-content\/uploads\/2023\/03\/Convocatoria-14-de-marzo.jpg 800w\" sizes=\"auto, (max-width: 724px) 100vw, 724px\" \/><\/figure>\n<\/div>\n\n\n<p class=\"has-cyan-bluish-gray-color has-text-color\">Mes de la Mujeres: Cooperativa Ra\u00edces Nuevas reconocer\u00e1 a Alicia N\u00fa\u00f1ez, referente y militante del cooperativismo de vivienda.&nbsp;<\/p>\n","protected":false},"excerpt":{"rendered":"<p>Mes de la Mujeres: Cooperativa Ra\u00edces Nuevas reconocer\u00e1 a Alicia N\u00fa\u00f1ez, referente y militante del cooperativismo de vivienda.&nbsp;<\/p>\n","protected":false},"author":1,"featured_media":10022,"comment_status":"closed","ping_status":"closed","sticky":false,"template":"","format":"standard","meta":{"footnotes":""},"categories":[2],"tags":[],"class_list":["post-10021","post","type-post","status-publish","format-standard","has-post-thumbnail","hentry","category-noticias"],"_links":{"self":[{"href":"https:\/\/fecovi.coop\/web\/wp-json\/wp\/v2\/posts\/10021","targetHints":{"allow":["GET"]}}],"collection":[{"href":"https:\/\/fecovi.coop\/web\/wp-json\/wp\/v2\/posts"}],"about":[{"href":"https:\/\/fecovi.coop\/web\/wp-json\/wp\/v2\/types\/post"}],"author":[{"embeddable":true,"href":"https:\/\/fecovi.coop\/web\/wp-json\/wp\/v2\/users\/1"}],"replies":[{"embeddable":true,"href":"https:\/\/fecovi.coop\/web\/wp-json\/wp\/v2\/comments?post=10021"}],"version-history":[{"count":4,"href":"https:\/\/fecovi.coop\/web\/wp-json\/wp\/v2\/posts\/10021\/revisions"}],"predecessor-version":[{"id":10027,"href":"https:\/\/fecovi.coop\/web\/wp-json\/wp\/v2\/posts\/10021\/revisions\/10027"}],"wp:featuredmedia":[{"embeddable":true,"href":"https:\/\/fecovi.coop\/web\/wp-json\/wp\/v2\/media\/10022"}],"wp:attachment":[{"href":"https:\/\/fecovi.coop\/web\/wp-json\/wp\/v2\/media?parent=10021"}],"wp:term":[{"taxonomy":"category","embeddable":true,"href":"https:\/\/fecovi.coop\/web\/wp-json\/wp\/v2\/categories?post=10021"},{"taxonomy":"post_tag","embeddable":true,"href":"https:\/\/fecovi.coop\/web\/wp-json\/wp\/v2\/tags?post=10021"}],"curies":[{"name":"wp","href":"https:\/\/api.w.org\/{rel}","templated":true}]}}