{"id":10008,"date":"2023-03-07T23:00:46","date_gmt":"2023-03-07T23:00:46","guid":{"rendered":"https:\/\/fecovi.coop\/web\/?p=10008"},"modified":"2023-03-07T23:06:21","modified_gmt":"2023-03-07T23:06:21","slug":"comunicado-a-las-cooperativas-de-fecovi","status":"publish","type":"post","link":"https:\/\/fecovi.coop\/web\/comunicado-a-las-cooperativas-de-fecovi\/","title":{"rendered":"<strong>COMUNICADO A LAS COOPERATIVAS DE FECOVI<\/strong>"},"content":{"rendered":"\n<p><\/p>\n\n\n\n<p class=\"has-text-align-left\">La Federaci\u00f3n de Cooperativas de Vivienda de Usuarios por Ahorro Previo (FECOVI) comunica a sus cooperativas que con motivo del paro de Mujeres convocado por la Intersocial Feminista, en el marco de una nueva conmemoraci\u00f3n del D\u00eda Internacional de las Mujeres, este mi\u00e9rcoles 08 de marzo nuestra sede social permanecer\u00e1 cerrada.<\/p>\n\n\n\n<p><\/p>\n\n\n\n<p class=\"has-text-align-center\"><strong>CONSEJO DIRECTIVO<\/strong><br><strong>FECOVI<\/strong><\/p>\n","protected":false},"excerpt":{"rendered":"<p>La Federaci\u00f3n de Cooperativas de Vivienda de Usuarios por Ahorro Previo (FECOVI) comunica a sus cooperativas que con motivo del paro de Mujeres convocado por la Intersocial Feminista, en el &#8230;<\/p>\n","protected":false},"author":1,"featured_media":10012,"comment_status":"closed","ping_status":"closed","sticky":false,"template":"","format":"standard","meta":{"footnotes":""},"categories":[2],"tags":[],"class_list":["post-10008","post","type-post","status-publish","format-standard","has-post-thumbnail","hentry","category-noticias"],"_links":{"self":[{"href":"https:\/\/fecovi.coop\/web\/wp-json\/wp\/v2\/posts\/10008","targetHints":{"allow":["GET"]}}],"collection":[{"href":"https:\/\/fecovi.coop\/web\/wp-json\/wp\/v2\/posts"}],"about":[{"href":"https:\/\/fecovi.coop\/web\/wp-json\/wp\/v2\/types\/post"}],"author":[{"embeddable":true,"href":"https:\/\/fecovi.coop\/web\/wp-json\/wp\/v2\/users\/1"}],"replies":[{"embeddable":true,"href":"https:\/\/fecovi.coop\/web\/wp-json\/wp\/v2\/comments?post=10008"}],"version-history":[{"count":1,"href":"https:\/\/fecovi.coop\/web\/wp-json\/wp\/v2\/posts\/10008\/revisions"}],"predecessor-version":[{"id":10010,"href":"https:\/\/fecovi.coop\/web\/wp-json\/wp\/v2\/posts\/10008\/revisions\/10010"}],"wp:featuredmedia":[{"embeddable":true,"href":"https:\/\/fecovi.coop\/web\/wp-json\/wp\/v2\/media\/10012"}],"wp:attachment":[{"href":"https:\/\/fecovi.coop\/web\/wp-json\/wp\/v2\/media?parent=10008"}],"wp:term":[{"taxonomy":"category","embeddable":true,"href":"https:\/\/fecovi.coop\/web\/wp-json\/wp\/v2\/categories?post=10008"},{"taxonomy":"post_tag","embeddable":true,"href":"https:\/\/fecovi.coop\/web\/wp-json\/wp\/v2\/tags?post=10008"}],"curies":[{"name":"wp","href":"https:\/\/api.w.org\/{rel}","templated":true}]}}